{"id":414,"date":"2012-01-30T13:11:14","date_gmt":"2012-01-30T13:11:14","guid":{"rendered":"https:\/\/www.lab.eus\/al-area-de-accion-social-de-la-diputacion-foral-de-bizkaia\/"},"modified":"2012-01-30T13:11:14","modified_gmt":"2012-01-30T13:11:14","slug":"al-area-de-accion-social-de-la-diputacion-foral-de-bizkaia","status":"publish","type":"post","link":"https:\/\/www.lab.eus\/es\/al-area-de-accion-social-de-la-diputacion-foral-de-bizkaia\/","title":{"rendered":"Al \u00e1rea de acci\u00f3n social de la Diputaci\u00f3n Foral de Bizkaia"},"content":{"rendered":"<p>El COMIT&Eacute; DE EMPRESA  de la mercantil URGATZI, secci&oacute;n menores, gestora de los centros de acogida y residenciales de menores, en representaci&oacute;n de los y las trabajadoras de dichos centros, se dirige a al &aacute;rea de acci&oacute;n social de la Diputaci&oacute;n Foral de Bizkaia, concretamente a la Diputada en funciones de &eacute;sta &aacute;rea D&ntilde;a Pilar Ardanza y DICE:<\/p>\n<p> De un a&ntilde;o a esta fecha, la empresa est&aacute; llevando a cabo una pol&iacute;tica de recortes en la organizaci&oacute;n y desarrollo de la activada que prestamos, as&iacute; como despidos. La Representaci&oacute;n Legal de los y las Trabajadoras no ha compartido en absoluto tales medidas al revertir directamente en la atenci&oacute;n de los menores que tutela este departamento. A su vez, La Representaci&oacute;n Legal de los y las Trabajadoras,  quiere transmitir el malestar de los y las trabajadoras, ya que las medidas adoptadas unilateralmente por la empresa, est&aacute;n incidiendo negativamente en la organizaci&oacute;n del trabajo en diferentes centros.<\/p>\n<p> Como ejemplo de estas medidas, se recuerda al l I.F.A.S que no transcurriendo ni seis meses desde el despido de toda la plantilla del colegio mayor &ldquo; Ugasko&rdquo; ubicado en Deusto, la empresa unilateral e injustificadamente ha despedido al Director del centro de menores del &ldquo;Vivero el Garmo&rdquo; ubicado en Artzentales, perdiendo as&iacute;, un referente educativo tanto entre los menores que all&iacute; residen como entre los y las trabajadoras que conforman el equipo. Se recuerda, que el mencionado trabajador fue el principal art&iacute;fice, de transformar un proyecto de emergencia un un centro con mayor car&aacute;cter residencial donde los menores pasaron de no tener ninguna perspectiva socioeducativa a tener la oportunidad de integrarse en la cultura de acogida, con posibilidad de retorno al recurso de origen y opci&oacute;n formativa, que hasta entonces no exist&iacute;a.<\/p>\n<p> Esta parte entiende, que las formas no han sido nada conciliadoras, transmitiendo a &eacute;ste Departamento y a su responsable, la gran preocupaci&oacute;n  e incertidumbre que de &eacute;ste hecho se ha generado en el seno de los y las trabajadoras de Urgatzi.<\/p>\n<p> Por &uacute;ltimo y en relaci&oacute;n con lo que acontece en estas fechas la asociaci&oacute;n Urgatzi est&aacute; proponiendo una serie de recortes a nivel de hogares de Acogida que esta gestiona donde los trabajadores\/as van a quedar seriamente perjudicados a nivel de organizaci&oacute;n del trabajo (disminuci&oacute;n de horas en los calendarios y ratios de personal, extinci&oacute;n de contrataciones eventuales y con ello disminuci&oacute;n del personal de atenci&oacute;n directa)  quedando seriamente cuestionada la &oacute;ptima atenci&oacute;n y cuidado de los menores que all&iacute; residen.<\/p>\n<p> Desde la Representaci&oacute;n Legal de Los y Las Trabajadoras en representaci&oacute;n de los y las mismas, se pone en conocimiento de lo que acontece en los centros de los cuales &eacute;sta instituci&oacute;n es titular, y por ello principal responsable, con el objeto de que se tomen las medidas oportunas en aras a la calidad del servicio y las condiciones laborales de los y las trabajadoras, y  a que interpele a la asociaci&oacute;n gestora del servicio,  para que ponga soluci&oacute;n a estos problemas y as&iacute; garantizar el necesario buen funcionamiento de estos recursos.<\/p>\n<p> Reciba un cordial saludo <\/p>\n<p> En Bilbao, a 27 de enero del 2012<\/p>\n<p> <strong>Representaci&oacute;n Legal de Trabajadores URGATZI Menores <\/strong><\/p>\n","protected":false},"excerpt":{"rendered":"<p>El COMIT&Eacute; DE EMPRESA de la mercantil URGATZI, secci&oacute;n menores, gestora de los centros de acogida y residenciales de menores, en representaci&oacute;n de los y las trabajadoras de dichos centros, se dirige a al &aacute;rea de acci&oacute;n social de la Diputaci&oacute;n Foral de Bizkaia, concretamente a la Diputada en funciones de &eacute;sta &aacute;rea D&ntilde;a Pilar [&hellip;]<\/p>\n","protected":false},"author":1,"featured_media":0,"comment_status":"open","ping_status":"open","sticky":false,"template":"","format":"standard","meta":{"_monsterinsights_skip_tracking":false,"_monsterinsights_sitenote_active":false,"_monsterinsights_sitenote_note":"","_monsterinsights_sitenote_category":0,"footnotes":"","_links_to":"","_links_to_target":""},"categories":[152],"tags":[],"class_list":{"0":"post-414","1":"post","2":"type-post","3":"status-publish","4":"format-standard","6":"category-zerbitzu-pribatuak-oharrak"},"_links":{"self":[{"href":"https:\/\/www.lab.eus\/es\/wp-json\/wp\/v2\/posts\/414","targetHints":{"allow":["GET"]}}],"collection":[{"href":"https:\/\/www.lab.eus\/es\/wp-json\/wp\/v2\/posts"}],"about":[{"href":"https:\/\/www.lab.eus\/es\/wp-json\/wp\/v2\/types\/post"}],"author":[{"embeddable":true,"href":"https:\/\/www.lab.eus\/es\/wp-json\/wp\/v2\/users\/1"}],"replies":[{"embeddable":true,"href":"https:\/\/www.lab.eus\/es\/wp-json\/wp\/v2\/comments?post=414"}],"version-history":[{"count":0,"href":"https:\/\/www.lab.eus\/es\/wp-json\/wp\/v2\/posts\/414\/revisions"}],"wp:attachment":[{"href":"https:\/\/www.lab.eus\/es\/wp-json\/wp\/v2\/media?parent=414"}],"wp:term":[{"taxonomy":"category","embeddable":true,"href":"https:\/\/www.lab.eus\/es\/wp-json\/wp\/v2\/categories?post=414"},{"taxonomy":"post_tag","embeddable":true,"href":"https:\/\/www.lab.eus\/es\/wp-json\/wp\/v2\/tags?post=414"}],"curies":[{"name":"wp","href":"https:\/\/api.w.org\/{rel}","templated":true}]}}