{"id":41199,"date":"2021-12-22T12:05:30","date_gmt":"2021-12-22T12:05:30","guid":{"rendered":"https:\/\/www.lab.eus\/?p=41199"},"modified":"2021-12-22T12:08:43","modified_gmt":"2021-12-22T12:08:43","slug":"las-trabajadoras-de-limpieza-de-edificios-y-locales-de-bizkaia-expresan-su-apoyo-a-las-84-despedidas-por-imq","status":"publish","type":"post","link":"https:\/\/www.lab.eus\/es\/las-trabajadoras-de-limpieza-de-edificios-y-locales-de-bizkaia-expresan-su-apoyo-a-las-84-despedidas-por-imq\/","title":{"rendered":"Las trabajadoras de limpieza de edificios y locales de Bizkaia expresan su apoyo a las 84 despedidas por IMQ"},"content":{"rendered":"\n<p>Hemos llevado a cabo en Bilbo la \u00faltima movilizaci\u00f3n del a\u00f1o en favor del Convenio de Limpieza de Bizkaia, junto a los sindicatos ELA y ESK, partiendo desde la plaza Indautxu. La manifestaci\u00f3n ha finalizado en Zorrozaurre, frente a la cl\u00ednica de IMQ. Antes, la protesta tambi\u00e9n ha hecho escala en la sede de IMQ de la calle M\u00e1ximo Aguirre. Y es que esa empresa ha decidido despedir a 84 trabajadoras de limpieza despu\u00e9s de muchos a\u00f1os de trabajo. Hemos denunciado as\u00ed la gravedad de los despidos.<\/p>\n\n\n\n<p>Ha sido la \u00faltima protesta del a\u00f1o <a href=\"https:\/\/www.lab.eus\/es\/las-trabajadoras-de-limpieza-de-edificios-y-locales-de-bizkaia-se-movilizan-en-basauri-contra-la-brecha-salarial-y-en-favor-de-un-salario-digno\/\">de la din\u00e1mica de movilizaci\u00f3n<\/a> de las trabajadoras de limpieza de Bizkaia, que buscan, entre otras cosas, acabar con la brecha salarial.<\/p>\n\n\n\n<figure class=\"wp-block-image size-large\"><img loading=\"lazy\" decoding=\"async\" width=\"1024\" height=\"768\" src=\"https:\/\/www.lab.eus\/wp-content\/uploads\/2021\/12\/2-1024x768.jpeg\" alt=\"\" class=\"wp-image-41197\" srcset=\"https:\/\/www.lab.eus\/wp-content\/uploads\/2021\/12\/2-1024x768.jpeg 1024w, https:\/\/www.lab.eus\/wp-content\/uploads\/2021\/12\/2-300x225.jpeg 300w, https:\/\/www.lab.eus\/wp-content\/uploads\/2021\/12\/2-768x576.jpeg 768w, https:\/\/www.lab.eus\/wp-content\/uploads\/2021\/12\/2-1536x1152.jpeg 1536w, https:\/\/www.lab.eus\/wp-content\/uploads\/2021\/12\/2-150x113.jpeg 150w, https:\/\/www.lab.eus\/wp-content\/uploads\/2021\/12\/2-696x522.jpeg 696w, https:\/\/www.lab.eus\/wp-content\/uploads\/2021\/12\/2-1068x801.jpeg 1068w, https:\/\/www.lab.eus\/wp-content\/uploads\/2021\/12\/2-1920x1440.jpeg 1920w, https:\/\/www.lab.eus\/wp-content\/uploads\/2021\/12\/2-560x420.jpeg 560w, https:\/\/www.lab.eus\/wp-content\/uploads\/2021\/12\/2-80x60.jpeg 80w, https:\/\/www.lab.eus\/wp-content\/uploads\/2021\/12\/2-265x198.jpeg 265w, https:\/\/www.lab.eus\/wp-content\/uploads\/2021\/12\/2.jpeg 2000w\" sizes=\"auto, (max-width: 1024px) 100vw, 1024px\" \/><\/figure>\n","protected":false},"excerpt":{"rendered":"<p>Hemos llevado a cabo en Bilbo la \u00faltima movilizaci\u00f3n del a\u00f1o en favor del Convenio de Limpieza de Bizkaia. La manifestaci\u00f3n ha finalizado en Zorrozaurre, frente a la cl\u00ednica de IMQ.<\/p>\n","protected":false},"author":1189,"featured_media":41195,"comment_status":"closed","ping_status":"closed","sticky":false,"template":"","format":"standard","meta":{"_monsterinsights_skip_tracking":false,"_monsterinsights_sitenote_active":false,"_monsterinsights_sitenote_note":"","_monsterinsights_sitenote_category":0,"footnotes":"","_links_to":"","_links_to_target":""},"categories":[18,2944,8,3283],"tags":[3033,3178,3172],"class_list":{"0":"post-41199","1":"post","2":"type-post","3":"status-publish","4":"format-standard","5":"has-post-thumbnail","7":"category-es-accion-sindical","8":"category-limpieza","9":"category-es-servicios-privados","10":"category-sin-categorizar","11":"tag-accion-sindical-es","12":"tag-destacado-1","13":"tag-servicios-privados-es"},"_links":{"self":[{"href":"https:\/\/www.lab.eus\/es\/wp-json\/wp\/v2\/posts\/41199","targetHints":{"allow":["GET"]}}],"collection":[{"href":"https:\/\/www.lab.eus\/es\/wp-json\/wp\/v2\/posts"}],"about":[{"href":"https:\/\/www.lab.eus\/es\/wp-json\/wp\/v2\/types\/post"}],"author":[{"embeddable":true,"href":"https:\/\/www.lab.eus\/es\/wp-json\/wp\/v2\/users\/1189"}],"replies":[{"embeddable":true,"href":"https:\/\/www.lab.eus\/es\/wp-json\/wp\/v2\/comments?post=41199"}],"version-history":[{"count":0,"href":"https:\/\/www.lab.eus\/es\/wp-json\/wp\/v2\/posts\/41199\/revisions"}],"wp:featuredmedia":[{"embeddable":true,"href":"https:\/\/www.lab.eus\/es\/wp-json\/wp\/v2\/media\/41195"}],"wp:attachment":[{"href":"https:\/\/www.lab.eus\/es\/wp-json\/wp\/v2\/media?parent=41199"}],"wp:term":[{"taxonomy":"category","embeddable":true,"href":"https:\/\/www.lab.eus\/es\/wp-json\/wp\/v2\/categories?post=41199"},{"taxonomy":"post_tag","embeddable":true,"href":"https:\/\/www.lab.eus\/es\/wp-json\/wp\/v2\/tags?post=41199"}],"curies":[{"name":"wp","href":"https:\/\/api.w.org\/{rel}","templated":true}]}}