{"id":40888,"date":"2021-12-16T12:08:21","date_gmt":"2021-12-16T12:08:21","guid":{"rendered":"https:\/\/www.lab.eus\/?p=40888"},"modified":"2021-12-16T13:57:56","modified_gmt":"2021-12-16T13:57:56","slug":"hemos-convocado-una-jornada-de-reivindicacion-en-los-centros-de-trabajo-para-el-27-de-enero","status":"publish","type":"post","link":"https:\/\/www.lab.eus\/es\/hemos-convocado-una-jornada-de-reivindicacion-en-los-centros-de-trabajo-para-el-27-de-enero\/","title":{"rendered":"Hemos convocado una Jornada de Reivindicaci\u00f3n en los centros de trabajo para el 27 de enero"},"content":{"rendered":"\n<p>La Asamblea Nacional de LAB se ha reunido y ha reflexionado sobre la necesidad de promover un nuevo ciclo de movilizaciones en Euskal Herria. Vinculado a esto, el sindicato ha convocado una Jornada de Reivindicaci\u00f3n en los centros de trabajo para el 27 de enero.<\/p>\n\n\n\n<div class=\"wp-block-file\"><a href=\"https:\/\/www.lab.eus\/wp-content\/uploads\/2021\/12\/Irakurketa.pdf\">LECTURA<\/a><a href=\"https:\/\/www.lab.eus\/wp-content\/uploads\/2021\/12\/Irakurketa.pdf\" class=\"wp-block-file__button\" download>Deskargatu<\/a><\/div>\n\n\n\n<div class=\"wp-block-file\"><a href=\"https:\/\/www.lab.eus\/wp-content\/uploads\/2021\/12\/Urtarrilak_27_EUS_DEF.pdf\">CARTEL<\/a><a href=\"https:\/\/www.lab.eus\/wp-content\/uploads\/2021\/12\/Urtarrilak_27_EUS_DEF.pdf\" class=\"wp-block-file__button\" download>Deskargatu<\/a><\/div>\n\n\n\n<p>La pandemia ha golpeado con dureza la forma de vida de los y las trabajadoras vascas. Ha sacudido el mercado laboral, acelerando el proceso de precarizaci\u00f3n que ven\u00eda de antes, y ha supuesto profundizar en las desigualdades sociales. Si antes de la pandemia el reparto de la riqueza era inadecuado, ahora las desigualdades se han incrementado. En el tortuoso recorrido de estos dos a\u00f1os, han quedado de manifiesto los d\u00e9ficits de este sistema; por ejemplo en el sistema de salud, en los cuidados y en los trabajos que son esenciales.<\/p>\n\n\n\n<p>En el mundo laboral no se han adoptado decisiones para derogar la reforma laboral y las modificaciones que se han promovido son insuficientes o no responden a las necesidades de las y los trabajadores vascos. Podemos decir otro tanto sobre la reforma de pensiones.<\/p>\n\n\n\n<p>Siguiendo la misma l\u00ednea, los presupuestos de la CAV y de Nafarroa no dan respuesta a las necesidades y reivindicaciones de las y los trabajadores, no dejan a un lado las pol\u00edticas neoliberales y presentan d\u00e9ficits manifiestos.<\/p>\n\n\n\n<p>Por lo tanto, s\u00ed que tenemos razones en Euskal Herria para abrir un nuevo ciclo de movilizaciones, para situar la correlaci\u00f3n de fuerzas a favor de los y las trabajadoras. Por desgracia, <a href=\"https:\/\/www.lab.eus\/es\/tras-frustrarse-la-posibilidad-de-la-huelga-general-dirigiremos-nuestros-esfuerzos-a-organizar-un-nuevo-ciclo-de-luchas\/\">aunque se haya frustrado el camino de la Huelga General<\/a> que deber\u00eda ser un hito, seguimos adelante con nuestros objetivos: vamos a multiplicar las luchas sindicales en los centros de trabajo, impulsar la din\u00e1mica social en la calle y nos corresponde promover la hoja de ruta vasca para transformar las condiciones de trabajo y de vida. En esta direcci\u00f3n, <a href=\"https:\/\/www.lab.eus\/es\/hemos-interpelado-al-parlamento-de-gasteiz-para-que-construya-una-hoja-de-ruta-con-el-objetivo-de-avanzar-en-la-soberania-y-mejorar-las-condiciones-de-trabajo-y-de-vida-con-las-actuales-competencias\/\">hemos realizado dos propuestas<\/a>: la primera, el C\u00f3digo Laboral Vasco que regular\u00eda el \u00e1mbito del empleo y la segunda, una Ley Propia de Seguridad Social, que responder\u00eda a las necesidades de cuidados y de salud de todas las personas.<\/p>\n\n\n\n<p>Al mismo tiempo, desde LAB hemos realizado a la patronal cinco propuestas de acuerdos interprofesionales, con reivindicaciones totalmente conectadas a las luchas de sectores y centros de trabajo y con el d\u00eda a d\u00eda de los y las trabajadoras. Estas propuestas no sustituyen la negociaci\u00f3n colectiva, pero nos dar\u00edan una posibilidad de superar las brechas y los puntos d\u00e9biles existentes en la misma. Del mismo modo, el cambio que necesitamos en el mundo laboral tampoco vendr\u00e1 de las mesas de di\u00e1logo social. Quienes, desde el \u00e1mbito pol\u00edtico, realizan una apolog\u00eda de esas est\u00e9riles mesas har\u00edan mejor utilizar la misma actitud proactiva para interpelar a la patronal; la v\u00eda para los acuerdos ser\u00eda m\u00e1s sencilla, sin duda.<\/p>\n\n\n\n<p>Los cambios y los acuerdos no vendr\u00e1n por s\u00ed s\u00f3los, sino desde la activaci\u00f3n de las y los trabajadores. Por ello, para el 27 de enero, convocamos una&nbsp;Jornada de Reivindicaci\u00f3n en los centros de trabajo de Euskal Herria, uniendo las luchas locales a las reivindicaciones b\u00e1sicas para transformar el mundo del trabajo.&nbsp;<\/p>\n\n\n\n<p><strong>Reivindicaciones<\/strong><\/p>\n\n\n\n<p>-Dar pasos en el camino de un salario m\u00ednimo de 1.400 euros.<\/p>\n\n\n\n<p>-Dar pasos en el camino de una semana laboral con un m\u00e1ximo de 30 horas.<\/p>\n\n\n\n<p>-Superar la brecha de g\u00e9nero<\/p>\n\n\n\n<p>. Transparencia en contrataciones y promociones<\/p>\n\n\n\n<p>. No a la discriminaci\u00f3n.<\/p>\n\n\n\n<p>&#8211; Terminar con la destrucci\u00f3n de empleo<\/p>\n\n\n\n<p>. Endurecer las razones para realizar despidos colectivos.<\/p>\n\n\n\n<p>. Aumentar las indemnizaciones por despido.<\/p>\n\n\n\n<p>. En los casos de despidos improcedentes, que sea el o la trabajadora quien decida entre aceptar la indemnizaci\u00f3n o volver al puesto de trabajo.<\/p>\n\n\n\n<p>. Recuperar la intervenci\u00f3n de la autoridad laboral.<\/p>\n\n\n\n<p>. Derecho a la subrogaci\u00f3n.<\/p>\n\n\n\n<p>-Limitar las jornadas parciales<\/p>\n\n\n\n<p>. Establecer una jornada laboral m\u00ednima.<\/p>\n\n\n\n<p>. Penalizaciones a empresas por imponer jornadas parciales<\/p>\n\n\n\n<p>-Dotar de estabilidad al empleo p\u00fablico.<\/p>\n\n\n\n<p>Promoveremos iniciativas para reunir a las y los trabajadores en torno a las y las reivindicaciones que consideremos prioritarias en funci\u00f3n de la situaci\u00f3n de cada centro de trabajo (seg\u00fan sean las condiciones y posibilidades de cada centro de trabajo).<\/p>\n","protected":false},"excerpt":{"rendered":"<p>La Asamblea Nacional de LAB se ha reunido y ha reflexionado sobre la necesidad de promover un nuevo ciclo de movilizaciones en Euskal Herria. As\u00ed, nos movilizaremos por un empleo digno y para acabar con la brecha de g\u00e9nero y la precariedad. Vamos a multiplicar las luchas sindicales en los centros de trabajo e impulsar la din\u00e1mica social en la calle; nos corresponde promover la hoja de ruta vasca para transformar las condiciones de trabajo y de vida. <\/p>\n","protected":false},"author":1189,"featured_media":40904,"comment_status":"closed","ping_status":"closed","sticky":false,"template":"","format":"standard","meta":{"_monsterinsights_skip_tracking":false,"_monsterinsights_sitenote_active":false,"_monsterinsights_sitenote_note":"","_monsterinsights_sitenote_category":0,"footnotes":"","_links_to":"","_links_to_target":""},"categories":[3402,18,2994,3283,11],"tags":[3033,3182,3178,3260],"class_list":{"0":"post-40888","1":"post","2":"type-post","3":"status-publish","4":"format-standard","5":"has-post-thumbnail","7":"category-accion-politica","8":"category-es-accion-sindical","9":"category-accion-social","10":"category-sin-categorizar","11":"category-es-sindicato-lab","12":"tag-accion-sindical-es","13":"tag-accion-social-es","14":"tag-destacado-1","15":"tag-sindicato-lab-es"},"_links":{"self":[{"href":"https:\/\/www.lab.eus\/es\/wp-json\/wp\/v2\/posts\/40888","targetHints":{"allow":["GET"]}}],"collection":[{"href":"https:\/\/www.lab.eus\/es\/wp-json\/wp\/v2\/posts"}],"about":[{"href":"https:\/\/www.lab.eus\/es\/wp-json\/wp\/v2\/types\/post"}],"author":[{"embeddable":true,"href":"https:\/\/www.lab.eus\/es\/wp-json\/wp\/v2\/users\/1189"}],"replies":[{"embeddable":true,"href":"https:\/\/www.lab.eus\/es\/wp-json\/wp\/v2\/comments?post=40888"}],"version-history":[{"count":0,"href":"https:\/\/www.lab.eus\/es\/wp-json\/wp\/v2\/posts\/40888\/revisions"}],"wp:featuredmedia":[{"embeddable":true,"href":"https:\/\/www.lab.eus\/es\/wp-json\/wp\/v2\/media\/40904"}],"wp:attachment":[{"href":"https:\/\/www.lab.eus\/es\/wp-json\/wp\/v2\/media?parent=40888"}],"wp:term":[{"taxonomy":"category","embeddable":true,"href":"https:\/\/www.lab.eus\/es\/wp-json\/wp\/v2\/categories?post=40888"},{"taxonomy":"post_tag","embeddable":true,"href":"https:\/\/www.lab.eus\/es\/wp-json\/wp\/v2\/tags?post=40888"}],"curies":[{"name":"wp","href":"https:\/\/api.w.org\/{rel}","templated":true}]}}