{"id":40756,"date":"2021-12-10T12:47:56","date_gmt":"2021-12-10T12:47:56","guid":{"rendered":"https:\/\/www.lab.eus\/?p=40756"},"modified":"2021-12-10T12:47:57","modified_gmt":"2021-12-10T12:47:57","slug":"rechazamos-el-convenio-estatal-de-artes-graficas-que-acaba-de-publicarse-porque-conlleva-estatalizacion-y-precarizacion-de-las-condiciones-laborales","status":"publish","type":"post","link":"https:\/\/www.lab.eus\/es\/rechazamos-el-convenio-estatal-de-artes-graficas-que-acaba-de-publicarse-porque-conlleva-estatalizacion-y-precarizacion-de-las-condiciones-laborales\/","title":{"rendered":"Rechazamos el convenio estatal de Artes Gr\u00e1ficas que acaba de publicarse porque conlleva estatalizaci\u00f3n y precarizaci\u00f3n de las condiciones laborales"},"content":{"rendered":"\n<p>Se acaba de publicar en el BOE el Convenio Estatal de Artes Gr\u00e1ficas que CCOO ha acordado con FEIGRGRAF, AFCO y el Gremio de Editores.<\/p>\n\n\n\n<p>Desde LAB, queremos censurar este acuerdo porque supone un paso en la estatalizaci\u00f3n y precarizaci\u00f3n de las condiciones laborales.<\/p>\n\n\n\n<p>Una de las principales consecuencias de la vigencia de la reforma laboral es la primac\u00eda de los convenios estatales, que tambi\u00e9n se aplica en el presente convenio, ya que proh\u00edbe expresamente la regulaci\u00f3n de la estructura salarial, las vacaciones, las categor\u00edas laborales o la definici\u00f3n de los puestos de trabajo en los convenios provinciales.<\/p>\n\n\n\n<p>En cuanto al contenido, es tan nefasto que ni siquiera UGT lo ha firmado: se fija un salario bruto anual de 14.045&nbsp;\u20ac&nbsp;en las categor\u00edas m\u00e1s bajas. Para el a\u00f1o 2021, aunque el IPC actual es del 5,5%, no se recoge ning\u00fan incremento y para el 2022, se acuerdan incrementos salariales del 1%. Si el IPC fuera m\u00e1s alto en 2022, las subidas salariales para este a\u00f1o ser\u00edan de hasta el 1,5%. Quienes ten\u00edan salarios de miseria perder\u00e1n en dos a\u00f1os un enorme poder adquisitivo. Es posible que en 2022 no lleguen ni al SMI.<\/p>\n\n\n\n<p>En lo dem\u00e1s no hay ning\u00fan cambio: se regulan las horas extras, por lo que se fomentan, la jornada laboral es alta (1.768 horas) y en materia de igualdad no contemplan m\u00e1s que lo que dice la ley.<\/p>\n\n\n\n<p>Frente a los convenios estatales, reivindicamos que se decidan aqu\u00ed nuestras condiciones laborales, porque tenemos derecho a ello y porque los convenios estatales suponen precarizaci\u00f3n.<\/p>\n\n\n\n<p>Si aqu\u00ed trabajamos, es aqu\u00ed donde tenemos que decidir. Hagamos en Euskal Herria lo que no se puede hacer en Madrid.<\/p>\n","protected":false},"excerpt":{"rendered":"<p>Una de las principales consecuencias de la vigencia de la reforma laboral es la primac\u00eda de los convenios estatales, que tambi\u00e9n se aplica en el presente convenio, ya que proh\u00edbe expresamente la regulaci\u00f3n de la estructura salarial, las vacaciones, las categor\u00edas laborales o la definici\u00f3n de los puestos de trabajo en los convenios provinciales.<\/p>\n","protected":false},"author":1189,"featured_media":39607,"comment_status":"closed","ping_status":"closed","sticky":false,"template":"","format":"standard","meta":{"_monsterinsights_skip_tracking":false,"_monsterinsights_sitenote_active":false,"_monsterinsights_sitenote_note":"","_monsterinsights_sitenote_category":0,"footnotes":"","_links_to":"","_links_to_target":""},"categories":[18,100,2868],"tags":[3033,3178,2996],"class_list":{"0":"post-40756","1":"post","2":"type-post","3":"status-publish","4":"format-standard","5":"has-post-thumbnail","7":"category-es-accion-sindical","8":"category-es-artes-graficas","9":"category-industria-es","10":"tag-accion-sindical-es","11":"tag-destacado-1","12":"tag-industria-es"},"_links":{"self":[{"href":"https:\/\/www.lab.eus\/es\/wp-json\/wp\/v2\/posts\/40756","targetHints":{"allow":["GET"]}}],"collection":[{"href":"https:\/\/www.lab.eus\/es\/wp-json\/wp\/v2\/posts"}],"about":[{"href":"https:\/\/www.lab.eus\/es\/wp-json\/wp\/v2\/types\/post"}],"author":[{"embeddable":true,"href":"https:\/\/www.lab.eus\/es\/wp-json\/wp\/v2\/users\/1189"}],"replies":[{"embeddable":true,"href":"https:\/\/www.lab.eus\/es\/wp-json\/wp\/v2\/comments?post=40756"}],"version-history":[{"count":0,"href":"https:\/\/www.lab.eus\/es\/wp-json\/wp\/v2\/posts\/40756\/revisions"}],"wp:featuredmedia":[{"embeddable":true,"href":"https:\/\/www.lab.eus\/es\/wp-json\/wp\/v2\/media\/39607"}],"wp:attachment":[{"href":"https:\/\/www.lab.eus\/es\/wp-json\/wp\/v2\/media?parent=40756"}],"wp:term":[{"taxonomy":"category","embeddable":true,"href":"https:\/\/www.lab.eus\/es\/wp-json\/wp\/v2\/categories?post=40756"},{"taxonomy":"post_tag","embeddable":true,"href":"https:\/\/www.lab.eus\/es\/wp-json\/wp\/v2\/tags?post=40756"}],"curies":[{"name":"wp","href":"https:\/\/api.w.org\/{rel}","templated":true}]}}