{"id":40714,"date":"2021-12-10T08:39:48","date_gmt":"2021-12-10T08:39:48","guid":{"rendered":"https:\/\/www.lab.eus\/?p=40714"},"modified":"2021-12-10T08:47:17","modified_gmt":"2021-12-10T08:47:17","slug":"las-y-los-trabajadores-del-centro-vasco-de-transfusiones-y-tejidos-humanos-reivindican-la-equiparacion-salarial","status":"publish","type":"post","link":"https:\/\/www.lab.eus\/es\/las-y-los-trabajadores-del-centro-vasco-de-transfusiones-y-tejidos-humanos-reivindican-la-equiparacion-salarial\/","title":{"rendered":"Las y los trabajadores del Centro Vasco de Transfusiones y Tejidos Humanos han reclamado la equiparaci\u00f3n salarial"},"content":{"rendered":"\n<p>Las y los trabajadores del Centro Vasco de Transfusiones y Tejidos Humanos (CVTTH) han realizado la segunda huelga convocada para esta semana, dando continuidad as\u00ed a la llevada a cabo el jueves. Los sindicatos LAB, SATSE, ELA, CCOO, UGT, ESK y UTESE&nbsp;hemos denunciado la discriminaci\u00f3n que sufre el personal del CVTTH y la nula capacidad negociadora que est\u00e1 mostrando la nueva directora de Recursos Humanos de Osakidetza,&nbsp;Luisa Larrauri.<\/p>\n\n\n\n<p id=\"c301\"><a href=\"https:\/\/medium.com\/@lab.osakidetza\/el-centro-vasco-de-transfusiones-convoca-dos-jornadas-de-huelga-para-denunciar-la-discriminaci\u00f3n-9f01718d01b3\">El objetivo principal de las movilizaciones<\/a> es exigir la equiparaci\u00f3n salarial. Para ello, Osakidetza deber\u00eda abonar a toda la plantilla del CVTTH el complemento del 4% que el resto de trabajadoras y trabajadores del hospital s\u00ed lo cobran, con car\u00e1cter retroactivo, eliminando as\u00ed de manera inmediata la discriminaci\u00f3n que sufre este colectivo.<\/p>\n","protected":false},"excerpt":{"rendered":"<p>Han realizado la segunda huelga convocada para esta semana, dando continuidad as\u00ed a la llevada a cabo el jueves. <\/p>\n","protected":false},"author":1189,"featured_media":40719,"comment_status":"closed","ping_status":"closed","sticky":false,"template":"","format":"standard","meta":{"_monsterinsights_skip_tracking":false,"_monsterinsights_sitenote_active":false,"_monsterinsights_sitenote_note":"","_monsterinsights_sitenote_category":0,"footnotes":"","_links_to":"","_links_to_target":""},"categories":[18,3097,6],"tags":[3033,3178,3195,3100],"class_list":{"0":"post-40714","1":"post","2":"type-post","3":"status-publish","4":"format-standard","5":"has-post-thumbnail","7":"category-es-accion-sindical","8":"category-sanidad","9":"category-es-servicios-publicos","10":"tag-accion-sindical-es","11":"tag-destacado-1","12":"tag-osakidetza-es","13":"tag-sanidad-es"},"_links":{"self":[{"href":"https:\/\/www.lab.eus\/es\/wp-json\/wp\/v2\/posts\/40714","targetHints":{"allow":["GET"]}}],"collection":[{"href":"https:\/\/www.lab.eus\/es\/wp-json\/wp\/v2\/posts"}],"about":[{"href":"https:\/\/www.lab.eus\/es\/wp-json\/wp\/v2\/types\/post"}],"author":[{"embeddable":true,"href":"https:\/\/www.lab.eus\/es\/wp-json\/wp\/v2\/users\/1189"}],"replies":[{"embeddable":true,"href":"https:\/\/www.lab.eus\/es\/wp-json\/wp\/v2\/comments?post=40714"}],"version-history":[{"count":0,"href":"https:\/\/www.lab.eus\/es\/wp-json\/wp\/v2\/posts\/40714\/revisions"}],"wp:featuredmedia":[{"embeddable":true,"href":"https:\/\/www.lab.eus\/es\/wp-json\/wp\/v2\/media\/40719"}],"wp:attachment":[{"href":"https:\/\/www.lab.eus\/es\/wp-json\/wp\/v2\/media?parent=40714"}],"wp:term":[{"taxonomy":"category","embeddable":true,"href":"https:\/\/www.lab.eus\/es\/wp-json\/wp\/v2\/categories?post=40714"},{"taxonomy":"post_tag","embeddable":true,"href":"https:\/\/www.lab.eus\/es\/wp-json\/wp\/v2\/tags?post=40714"}],"curies":[{"name":"wp","href":"https:\/\/api.w.org\/{rel}","templated":true}]}}