{"id":40694,"date":"2021-12-09T09:35:00","date_gmt":"2021-12-09T09:35:00","guid":{"rendered":"https:\/\/www.lab.eus\/?p=40694"},"modified":"2021-12-09T12:37:34","modified_gmt":"2021-12-09T12:37:34","slug":"hemos-denunciado-la-vulneracion-del-derecho-a-la-huelga-en-urkabe-benetan","status":"publish","type":"post","link":"https:\/\/www.lab.eus\/es\/hemos-denunciado-la-vulneracion-del-derecho-a-la-huelga-en-urkabe-benetan\/","title":{"rendered":"Hemos denunciado la vulneraci\u00f3n del derecho a la huelga en Urkabe Benetan"},"content":{"rendered":"\n<p>Los y las trabajadores de la empresa Urkabe Benetan, ubicada en Orereta y perteneciente al grupo Okin, han realizado una exitosa primera jornada de paro de dos horas. El paro de la empresa en la que trabajan 91 trabajadores y trabajadoras, ha tenido un seguimiento de casi toda la plantilla.<\/p>\n\n\n\n<p>Aunque todos los y las trabajadoras de producci\u00f3n han secundado el paro, cuando el comit\u00e9 de huelga ha acudido al interior del centro de trabajo, ha podido comprobar que algunos trabajadores de la oficina estaban trabajando en producci\u00f3n.<\/p>\n\n\n\n<p>LAB denuncia el proceder de la direcci\u00f3n de Urkabe Benetan y en consecuencia, hemos presentado una denuncia en la Inspecci\u00f3n de Trabajo porque se trata de una vulneraci\u00f3n fundamental del derecho a la huelga.<\/p>\n\n\n\n<p>El Comit\u00e9 de Empresa (3 miembros de LAB y 2 de ELA) lleva negociando el pacto de empresa desde el pasado mes de marzo y la direcci\u00f3n de la empresa, a pesar de la buena situaci\u00f3n de la empresa, quiere congelar los salarios, reducir las antig\u00fcedades y cronificar el uso de ETTs . LAB considera inaceptable que a trav\u00e9s de las ETT se trate a las y los trabajadores como pa\u00f1uelos de usar y tirar y pide a la direcci\u00f3n compromisos de reparto de la riqueza y limitaci\u00f3n de la precariedad.<\/p>\n\n\n\n<p>A pesar de las maniobras de la empresa, los trabajadores y trabajadoras se han mostrado en disposici\u00f3n a seguir luchando contra la precariedad y mejorar las condiciones laborales, por lo que en las pr\u00f3ximas semanas continuar\u00e1n con las movilizaciones:<\/p>\n\n\n\n<p>-Ma\u00f1ana 10 de diciembre, paro de 2 horas. <\/p>\n\n\n\n<p>-13, 14 y 15 de diciembre: 4 horas de paro. <\/p>\n\n\n\n<p>-16 y 17 de diciembre: huelga.<\/p>\n\n\n\n<p>\u00a1No a la precariedad en Urkabe Benetan!<\/p>\n","protected":false},"excerpt":{"rendered":"<p>Los y las trabajadores de la empresa ubicada en Orereta han realizado una exitosa primera jornada de paro de dos horas. El paro de la empresa, en la que trabajan 91 trabajadores y trabajadoras, ha tenido un seguimiento de casi toda la plantilla.<\/p>\n","protected":false},"author":1189,"featured_media":40691,"comment_status":"closed","ping_status":"closed","sticky":false,"template":"","format":"standard","meta":{"_monsterinsights_skip_tracking":false,"_monsterinsights_sitenote_active":false,"_monsterinsights_sitenote_note":"","_monsterinsights_sitenote_category":0,"footnotes":"","_links_to":"","_links_to_target":""},"categories":[18,2868],"tags":[3033,3178,2996],"class_list":{"0":"post-40694","1":"post","2":"type-post","3":"status-publish","4":"format-standard","5":"has-post-thumbnail","7":"category-es-accion-sindical","8":"category-industria-es","9":"tag-accion-sindical-es","10":"tag-destacado-1","11":"tag-industria-es"},"_links":{"self":[{"href":"https:\/\/www.lab.eus\/es\/wp-json\/wp\/v2\/posts\/40694","targetHints":{"allow":["GET"]}}],"collection":[{"href":"https:\/\/www.lab.eus\/es\/wp-json\/wp\/v2\/posts"}],"about":[{"href":"https:\/\/www.lab.eus\/es\/wp-json\/wp\/v2\/types\/post"}],"author":[{"embeddable":true,"href":"https:\/\/www.lab.eus\/es\/wp-json\/wp\/v2\/users\/1189"}],"replies":[{"embeddable":true,"href":"https:\/\/www.lab.eus\/es\/wp-json\/wp\/v2\/comments?post=40694"}],"version-history":[{"count":0,"href":"https:\/\/www.lab.eus\/es\/wp-json\/wp\/v2\/posts\/40694\/revisions"}],"wp:featuredmedia":[{"embeddable":true,"href":"https:\/\/www.lab.eus\/es\/wp-json\/wp\/v2\/media\/40691"}],"wp:attachment":[{"href":"https:\/\/www.lab.eus\/es\/wp-json\/wp\/v2\/media?parent=40694"}],"wp:term":[{"taxonomy":"category","embeddable":true,"href":"https:\/\/www.lab.eus\/es\/wp-json\/wp\/v2\/categories?post=40694"},{"taxonomy":"post_tag","embeddable":true,"href":"https:\/\/www.lab.eus\/es\/wp-json\/wp\/v2\/tags?post=40694"}],"curies":[{"name":"wp","href":"https:\/\/api.w.org\/{rel}","templated":true}]}}