{"id":40669,"date":"2021-12-09T10:20:18","date_gmt":"2021-12-09T10:20:18","guid":{"rendered":"https:\/\/www.lab.eus\/?p=40669"},"modified":"2021-12-09T10:27:11","modified_gmt":"2021-12-09T10:27:11","slug":"hemos-convocado-huelga-en-las-residencias-de-mayores-de-bizkaia-para-el-14-de-diciembre","status":"publish","type":"post","link":"https:\/\/www.lab.eus\/es\/hemos-convocado-huelga-en-las-residencias-de-mayores-de-bizkaia-para-el-14-de-diciembre\/","title":{"rendered":"Hemos convocado huelga en las residencias de mayores de Bizkaia para el 14  de diciembre"},"content":{"rendered":"\n<p>El trabajo de las trabajadoras de las residencias es esencial para la sociedad y exigimos que as\u00ed se reconozca. En la comparecencia realizada en Bilbo, hemos reclamado la equiparaci\u00f3n de las condiciones laborales con las trabajadoras p\u00fablicas y hemos exigido ratios humanos.<\/p>\n\n\n\n<p>La mercantilizaci\u00f3n de los cuidados solo trae miseria para las personas mayores y precarizaci\u00f3n para las trabajadoras del sector. Hoy en d\u00eda, los cuidados son un negocio, las empresas se lucran con cada nueva plaza de usuarios o usuarias y la Diputaci\u00f3n es la responsable de esta rueda, que no hace m\u00e1s que enriquecer a unos pocos y precarizar y explotar a las m\u00e1s de 5.000 trabajadoras del sector.&nbsp;<\/p>\n\n\n\n<p>Las empresas solo ven dinero y beneficio donde nosotras vemos cuidados y trabajo. Las trabajadoras de las residencias exigimos que se reconozca el servicio p\u00fablico que prestamos.&nbsp;\u00c9stas son nuestras reivindicaciones:<\/p>\n\n\n\n<p>&#8211; La Equiparaci\u00f3n de nuestras condiciones laborales con las trabajadoras p\u00fablicas. Es el momento de dar pasos reales en la mejora de nuestras condiciones laborales y en consecuencia en la mejora de cuidado de las personas mayores. Ahora es el momento, \u00e9sta tiene que ser la Negociaci\u00f3n de la Equiparaci\u00f3n.<\/p>\n\n\n\n<p>&#8211; Unos&nbsp;ratios m\u00e1s humanos.&nbsp;Rechazamos los actuales por insuficientes e inhumanos. Suponen una agresi\u00f3n a nuestra salud, no somos robots sino personas. Y suponen una agresi\u00f3n diaria a la dignidad de las personas mayores que reciben los cuidados.&nbsp;Se necesita m\u00e1s personal.<\/p>\n\n\n\n<p>Para LAB, la soluci\u00f3n final de este conflicto pasa por la&nbsp;publificaci\u00f3n del servicio de cuidados de mayores.&nbsp;<\/p>\n\n\n\n<p><strong>La Diputaci\u00f3n impone privatizaci\u00f3n<\/strong><\/p>\n\n\n\n<p>Tras un a\u00f1o de teatro y 10 reuniones con la patronal, el resultado es falta de voluntad, prepotencia y la negociaci\u00f3n es inexistente. La Diputaci\u00f3n impone la privatizaci\u00f3n del cuidado de las personas mayores y es la responsable principal de lo que se est\u00e1 viviendo en las residencias en Bizkaia.<\/p>\n\n\n\n<p>Ante esta situaci\u00f3n, LAB ha registrado la convocatoria de un d\u00eda de huelga en el sector de residencias para el d\u00eda 14 de diciembre.<\/p>\n\n\n\n<p>Para LAB, este conflicto exige una unidad sindical fuerte y clara. Es responsabilidad de los sindicatos que compartimos reivindicaciones y capacidad de lucha hacer una oferta movilizadora unitaria a las trabajadoras del sector. LAB asume su compromiso en esa direcci\u00f3n e invita a la mayor\u00eda sindical a compartir diagn\u00f3stico y agenda movilizadora.<\/p>\n\n\n\n<p>Hacemos un llamamiento a todas las trabajadoras del sector a que se movilicen el d\u00eda 14 de diciembre. Es necesario&nbsp;&nbsp;hacer visible y poner en el centro nuestra situaci\u00f3n y la de las personas que reciben los cuidados.<\/p>\n\n\n\n<p>LAB se concentrar\u00e1 el d\u00eda 14 de diciembre frente a la sede de Juntas Generales en Bilbao, a las 10:30 de la ma\u00f1ana.<\/p>\n","protected":false},"excerpt":{"rendered":"<p>El trabajo de las trabajadoras de las residencias es esencial para la sociedad y exigimos que as\u00ed se reconozca. En la comparecencia realizada en Bilbo, hemos reclamado la equiparaci\u00f3n de las condiciones laborales con las trabajadoras p\u00fablicas y hemos exigido ratios humanos.<\/p>\n","protected":false},"author":1189,"featured_media":40668,"comment_status":"closed","ping_status":"closed","sticky":false,"template":"","format":"standard","meta":{"_monsterinsights_skip_tracking":false,"_monsterinsights_sitenote_active":false,"_monsterinsights_sitenote_note":"","_monsterinsights_sitenote_category":0,"footnotes":"","_links_to":"","_links_to_target":""},"categories":[18,3000,6],"tags":[3178,3217,3171],"class_list":{"0":"post-40669","1":"post","2":"type-post","3":"status-publish","4":"format-standard","5":"has-post-thumbnail","7":"category-es-accion-sindical","8":"category-servicio-sociocomunitario","9":"category-es-servicios-publicos","10":"tag-destacado-1","11":"tag-servicios-sociocomunitarios","12":"tag-servicios-publicos-es"},"_links":{"self":[{"href":"https:\/\/www.lab.eus\/es\/wp-json\/wp\/v2\/posts\/40669","targetHints":{"allow":["GET"]}}],"collection":[{"href":"https:\/\/www.lab.eus\/es\/wp-json\/wp\/v2\/posts"}],"about":[{"href":"https:\/\/www.lab.eus\/es\/wp-json\/wp\/v2\/types\/post"}],"author":[{"embeddable":true,"href":"https:\/\/www.lab.eus\/es\/wp-json\/wp\/v2\/users\/1189"}],"replies":[{"embeddable":true,"href":"https:\/\/www.lab.eus\/es\/wp-json\/wp\/v2\/comments?post=40669"}],"version-history":[{"count":0,"href":"https:\/\/www.lab.eus\/es\/wp-json\/wp\/v2\/posts\/40669\/revisions"}],"wp:featuredmedia":[{"embeddable":true,"href":"https:\/\/www.lab.eus\/es\/wp-json\/wp\/v2\/media\/40668"}],"wp:attachment":[{"href":"https:\/\/www.lab.eus\/es\/wp-json\/wp\/v2\/media?parent=40669"}],"wp:term":[{"taxonomy":"category","embeddable":true,"href":"https:\/\/www.lab.eus\/es\/wp-json\/wp\/v2\/categories?post=40669"},{"taxonomy":"post_tag","embeddable":true,"href":"https:\/\/www.lab.eus\/es\/wp-json\/wp\/v2\/tags?post=40669"}],"curies":[{"name":"wp","href":"https:\/\/api.w.org\/{rel}","templated":true}]}}