{"id":40659,"date":"2021-12-07T16:22:25","date_gmt":"2021-12-07T16:22:25","guid":{"rendered":"https:\/\/www.lab.eus\/?p=40659"},"modified":"2021-12-07T16:22:36","modified_gmt":"2021-12-07T16:22:36","slug":"la-consejera-sagardui-pretende-plantar-cara-a-la-pandemia-recortando-una-vez-mas-la-atencion-primaria","status":"publish","type":"post","link":"https:\/\/www.lab.eus\/es\/la-consejera-sagardui-pretende-plantar-cara-a-la-pandemia-recortando-una-vez-mas-la-atencion-primaria\/","title":{"rendered":"La consejera Sagardui pretende plantar cara a la pandemia recortando, una vez m\u00e1s, la atenci\u00f3n primaria"},"content":{"rendered":"\n<p>Para el sindicato LAB, la irresponsabilidad de Osakidetza parece no tener l\u00edmites. Tras muchos meses de pandemia y tras el despido de 4.000 trabajadoras, las \u00fanicas salidas que sigue planteando la consejera Sagardui son recortes en la atenci\u00f3n primaria.<\/p>\n\n\n\n<p>La bochornosa gesti\u00f3n que desde el Departamento de Sanidad se est\u00e1 haciendo de la pandemia parece estar m\u00e1s dirigida a alimentar la fuga de pacientes que se lo puedan permitir al sector privado y el abandono de las clases populares, que a fortalecer con recursos humanos y materiales la atenci\u00f3n a los y las ciudadanas de la CAV.<\/p>\n\n\n\n<p>Hace mucho tiempo que el Departamento hace grandes esfuerzos por convertir la atenci\u00f3n primaria en un sector m\u00e1s propio de la beneficiencia que en un sector que atiende con calidad y dignidad los derechos de la ciudadan\u00eda a la salud. La irresponsabilidad de los y las gestoras de Osakidetza est\u00e1 atacando sin disimulo los derechos a la salud de todas las personas residentes en la CAV, especialmente a las personas m\u00e1s vulnerables. La gesti\u00f3n de la pandemia y la clara estrategia de debilitamiento de la atenci\u00f3n primaria es criminal, con sectores poblacionales enteros abandonados a su suerte por el Departamento.<\/p>\n\n\n\n<p>Desde LAB llamamos a la poblaci\u00f3n a realizar acciones de protesta all\u00ed donde se puedan articular para hacer frente a la ofensiva que el Departamento de Salud y el Gobierno Vasco est\u00e1n desarrollando para debilitar y desmantelar la atenci\u00f3n primaria.<\/p>\n","protected":false},"excerpt":{"rendered":"<p>Para el sindicato LAB, la irresponsabilidad de Osakidetza parece no tener l\u00edmites. Tras muchos meses de pandemia y tras el despido de 4.000 trabajadoras, las \u00fanicas salidas que sigue planteando la consejera Sagardui son recortes en la atenci\u00f3n primaria.<\/p>\n","protected":false},"author":1191,"featured_media":40657,"comment_status":"closed","ping_status":"closed","sticky":false,"template":"","format":"standard","meta":{"_monsterinsights_skip_tracking":false,"_monsterinsights_sitenote_active":false,"_monsterinsights_sitenote_note":"","_monsterinsights_sitenote_category":0,"footnotes":"","_links_to":"","_links_to_target":""},"categories":[18,2867,3097,6],"tags":[3033,3178,3195,3100,3171],"class_list":{"0":"post-40659","1":"post","2":"type-post","3":"status-publish","4":"format-standard","5":"has-post-thumbnail","7":"category-es-accion-sindical","8":"category-federaciones","9":"category-sanidad","10":"category-es-servicios-publicos","11":"tag-accion-sindical-es","12":"tag-destacado-1","13":"tag-osakidetza-es","14":"tag-sanidad-es","15":"tag-servicios-publicos-es"},"_links":{"self":[{"href":"https:\/\/www.lab.eus\/es\/wp-json\/wp\/v2\/posts\/40659","targetHints":{"allow":["GET"]}}],"collection":[{"href":"https:\/\/www.lab.eus\/es\/wp-json\/wp\/v2\/posts"}],"about":[{"href":"https:\/\/www.lab.eus\/es\/wp-json\/wp\/v2\/types\/post"}],"author":[{"embeddable":true,"href":"https:\/\/www.lab.eus\/es\/wp-json\/wp\/v2\/users\/1191"}],"replies":[{"embeddable":true,"href":"https:\/\/www.lab.eus\/es\/wp-json\/wp\/v2\/comments?post=40659"}],"version-history":[{"count":0,"href":"https:\/\/www.lab.eus\/es\/wp-json\/wp\/v2\/posts\/40659\/revisions"}],"wp:featuredmedia":[{"embeddable":true,"href":"https:\/\/www.lab.eus\/es\/wp-json\/wp\/v2\/media\/40657"}],"wp:attachment":[{"href":"https:\/\/www.lab.eus\/es\/wp-json\/wp\/v2\/media?parent=40659"}],"wp:term":[{"taxonomy":"category","embeddable":true,"href":"https:\/\/www.lab.eus\/es\/wp-json\/wp\/v2\/categories?post=40659"},{"taxonomy":"post_tag","embeddable":true,"href":"https:\/\/www.lab.eus\/es\/wp-json\/wp\/v2\/tags?post=40659"}],"curies":[{"name":"wp","href":"https:\/\/api.w.org\/{rel}","templated":true}]}}