{"id":40325,"date":"2021-11-26T11:29:58","date_gmt":"2021-11-26T11:29:58","guid":{"rendered":"https:\/\/www.lab.eus\/?p=40325"},"modified":"2021-11-26T11:29:59","modified_gmt":"2021-11-26T11:29:59","slug":"la-mesa-sectorial-de-salud-de-nafarroa-ha-dejado-bastantes-claroscuros-y-pocas-buenas-noticias","status":"publish","type":"post","link":"https:\/\/www.lab.eus\/es\/la-mesa-sectorial-de-salud-de-nafarroa-ha-dejado-bastantes-claroscuros-y-pocas-buenas-noticias\/","title":{"rendered":"La Mesa Sectorial de Salud de Nafarroa ha dejado bastantes claroscuros y pocas buenas noticias"},"content":{"rendered":"\n<p>La Mesa Sectorial de Salud celebrada el mi\u00e9rcoles 25 de noviembre ha dejado bastantes claroscuros y pocas buenas noticias.<br><br>En lo que se refiere a la OPE 2021, se distribuye en 271 plazas para Osasunbidea y 14 para ISPLN (7 sanitarias y 7 no sanitarias). En Osasunbidea 108 plazas de personal facultativo adjunto, 35 en EAP, en enfermer\u00eda 30, enfermer\u00eda especialista 12, TCAE 45\u2026<\/p>\n\n\n\n<p>En cuanto a la OPE de Estabilizaci\u00f3n del 2017 se a\u00f1adir\u00edan 79 plazas: enfermer\u00eda 31, 21 TCAE, celador 12\u2026<\/p>\n\n\n\n<p>Los procesos selectivos iniciados hasta el momento no se van a paralizar, a la espera de lo que resuelva el Congreso sobre la OPE de estabilizaci\u00f3n.<\/p>\n\n\n\n<p>Desde el sindicato LAB volvemos a denunciar la inseguridad jur\u00eddica de los procesos selectivos y las condiciones laborales secundarias que se est\u00e1n generando. La OPE nos sigue pareciendo totalmente insuficiente y volvemos a remarcar la necesidad de eliminar la tasa de reposici\u00f3n impuesta por el Estado Espa\u00f1ol y que impide la reducci\u00f3n de la temporalidad al 8% deseable.<\/p>\n\n\n\n<p>Despu\u00e9s de a\u00f1os de negociaciones, la modificaci\u00f3n del Decreto Foral 347 que regula la figura de coordinadores y la promoci\u00f3n interna, va adelante tras el informe favorable de Funci\u00f3n P\u00fablica. El periodo de publicaci\u00f3n puede oscilar entre 4 y 6 meses. Desde el sindicato LAB valoramos muy positivamente la modificaci\u00f3n de este decreto que supone la regularizaci\u00f3n de la promoci\u00f3n interna temporal y la democratizaci\u00f3n de las jefaturas, a pesar de la oposici\u00f3n de los sindicatos corporativos SMN y SATSE.<\/p>\n\n\n\n<p>Festivos especiales: como ya denunciamos en la \u00faltima Mesa General, el sindicato LAB entiende que los festivos especiales se deben extender a toda la plantilla, ya que no hacerlo supone un agravio m\u00e1s que se a\u00f1ade a otros que se vienen produciendo.<\/p>\n\n\n\n<p>El sindicato LAB ha mostrado su total oposici\u00f3n a la presencia de militares en el rastreo. No recibimos respuesta alguna de la direcci\u00f3n de profesionales y consideramos que su presencia no es ni necesaria, ni justificada. Se est\u00e1 dejando de contratar personal de Osasunbidea y se est\u00e1 permitiendo el acceso del personal militar a historias cl\u00ednicas de toda la ciudadan\u00eda. Todo ello con el benepl\u00e1cito del Gobierno de Navarra.<\/p>\n\n\n\n<p>Tambi\u00e9n se nos ha notificado la \u201cdimisi\u00f3n\u201d del director de profesionales de Osasunbidea, en un momento cr\u00edtico en lo que se refiere a la situaci\u00f3n de la pandemia y la eventualidad que soportamos. No entendemos que los responsables de Salud, Carlos Artundo y la consejera, Santos Indurain, se permitan un cambio de cromos y de direcci\u00f3n en un momento cr\u00edtico.&nbsp;<br><br>Desde LAB denunciamos la falta de comunicaci\u00f3n en el Departamento de Salud y las pol\u00edticas del director general y la consejera, que no dejan de anunciar planes inviables por la falta de personal, como el de Atenci\u00f3n Primaria, y dejan claras sus intenciones privatizadoras como la del servicio de fisioterapia.<\/p>\n\n\n\n<p>Desde el sindicato LAB no vamos a permitir que se produzcan a\u00fan m\u00e1s desequilibrios en la gesti\u00f3n de personal asociados al cambio de estructura y advertimos de nuevo a los responsables de Salud sobre las lamentables condiciones laborales que est\u00e1 acarreando su gesti\u00f3n.<\/p>\n","protected":false},"excerpt":{"rendered":"<p>Volvemos a denunciar la inseguridad jur\u00eddica de los procesos selectivos y las condiciones laborales secundarias que se est\u00e1n generando. <\/p>\n","protected":false},"author":1189,"featured_media":40323,"comment_status":"closed","ping_status":"closed","sticky":false,"template":"","format":"standard","meta":{"_monsterinsights_skip_tracking":false,"_monsterinsights_sitenote_active":false,"_monsterinsights_sitenote_note":"","_monsterinsights_sitenote_category":0,"footnotes":"","_links_to":"","_links_to_target":""},"categories":[3097,6],"tags":[3178,3355,3100,3171],"class_list":{"0":"post-40325","1":"post","2":"type-post","3":"status-publish","4":"format-standard","5":"has-post-thumbnail","7":"category-sanidad","8":"category-es-servicios-publicos","9":"tag-destacado-1","10":"tag-osasunbidea-es","11":"tag-sanidad-es","12":"tag-servicios-publicos-es"},"_links":{"self":[{"href":"https:\/\/www.lab.eus\/es\/wp-json\/wp\/v2\/posts\/40325","targetHints":{"allow":["GET"]}}],"collection":[{"href":"https:\/\/www.lab.eus\/es\/wp-json\/wp\/v2\/posts"}],"about":[{"href":"https:\/\/www.lab.eus\/es\/wp-json\/wp\/v2\/types\/post"}],"author":[{"embeddable":true,"href":"https:\/\/www.lab.eus\/es\/wp-json\/wp\/v2\/users\/1189"}],"replies":[{"embeddable":true,"href":"https:\/\/www.lab.eus\/es\/wp-json\/wp\/v2\/comments?post=40325"}],"version-history":[{"count":0,"href":"https:\/\/www.lab.eus\/es\/wp-json\/wp\/v2\/posts\/40325\/revisions"}],"wp:featuredmedia":[{"embeddable":true,"href":"https:\/\/www.lab.eus\/es\/wp-json\/wp\/v2\/media\/40323"}],"wp:attachment":[{"href":"https:\/\/www.lab.eus\/es\/wp-json\/wp\/v2\/media?parent=40325"}],"wp:term":[{"taxonomy":"category","embeddable":true,"href":"https:\/\/www.lab.eus\/es\/wp-json\/wp\/v2\/categories?post=40325"},{"taxonomy":"post_tag","embeddable":true,"href":"https:\/\/www.lab.eus\/es\/wp-json\/wp\/v2\/tags?post=40325"}],"curies":[{"name":"wp","href":"https:\/\/api.w.org\/{rel}","templated":true}]}}