{"id":40181,"date":"2021-11-23T13:42:26","date_gmt":"2021-11-23T13:42:26","guid":{"rendered":"https:\/\/www.lab.eus\/?p=40181"},"modified":"2021-11-23T13:42:28","modified_gmt":"2021-11-23T13:42:28","slug":"la-plantilla-de-ute-taludes-bilbao-sale-a-la-calle-para-solicitar-la-equiparacion-de-condiciones-labores-del-sector","status":"publish","type":"post","link":"https:\/\/www.lab.eus\/es\/la-plantilla-de-ute-taludes-bilbao-sale-a-la-calle-para-solicitar-la-equiparacion-de-condiciones-labores-del-sector\/","title":{"rendered":"La plantilla de UTE Taludes Bilbao sale a la calle para solicitar la equiparaci\u00f3n de condiciones labores del sector"},"content":{"rendered":"\n<p>Las y los trabajadores de UTE Taludes Bilbao se han concentrado ante el consistorio de Bilbo para reivindicar un convenio digno. La UTE la conforman las empresas Urbaser S.A. y Cycasa Canteras y Construcciones S.A., subcontratadas por el Ayuntamiento de Bilbao y que realizan labores de jardiner\u00eda en taludes y mantenimiento del mobiliario urbano y parques infantiles de la villa.<\/p>\n\n\n\n<p>Muchas son las razones por las que la plantilla ha decidido en asamblea seguir con las movilizaciones. Llevan un a\u00f1o negociando el convenio colectivo pero est\u00e1n lejos de equiparar sus condiciones de trabajo con el resto de las y los trabajadores de los municipios colindantes que se dedican al mismo oficio. Tienen la jornada laboral m\u00e1s larga y una diferencia salarial del 20%, adem\u00e1s de diferentes condiciones entre el personal que se dedica a jardiner\u00eda en altura y el personal de mobiliario dentro de la empresa.<\/p>\n\n\n\n<p>Ante la negativa e inmovilismo de la direcci\u00f3n de cara a dignificar sus condiciones, piden al Ayuntamiento de Bilbo que no mire hacia otro lado y se\u00f1alan que ha llegado la hora de que tome cartas en el asunto.<\/p>\n","protected":false},"excerpt":{"rendered":"<p>Las y los trabajadores de UTE Taludes Bilbao se han concentrado ante el consistorio de Bilbo para reivindicar un convenio digno. <\/p>\n","protected":false},"author":1189,"featured_media":40180,"comment_status":"closed","ping_status":"closed","sticky":false,"template":"","format":"standard","meta":{"_monsterinsights_skip_tracking":false,"_monsterinsights_sitenote_active":false,"_monsterinsights_sitenote_note":"","_monsterinsights_sitenote_category":0,"footnotes":"","_links_to":"","_links_to_target":""},"categories":[18,96,2868,3283],"tags":[3033,3200,3178,2996],"class_list":{"0":"post-40181","1":"post","2":"type-post","3":"status-publish","4":"format-standard","5":"has-post-thumbnail","7":"category-es-accion-sindical","8":"category-es-construccion","9":"category-industria-es","10":"category-sin-categorizar","11":"tag-accion-sindical-es","12":"tag-construccion-es","13":"tag-destacado-1","14":"tag-industria-es"},"_links":{"self":[{"href":"https:\/\/www.lab.eus\/es\/wp-json\/wp\/v2\/posts\/40181","targetHints":{"allow":["GET"]}}],"collection":[{"href":"https:\/\/www.lab.eus\/es\/wp-json\/wp\/v2\/posts"}],"about":[{"href":"https:\/\/www.lab.eus\/es\/wp-json\/wp\/v2\/types\/post"}],"author":[{"embeddable":true,"href":"https:\/\/www.lab.eus\/es\/wp-json\/wp\/v2\/users\/1189"}],"replies":[{"embeddable":true,"href":"https:\/\/www.lab.eus\/es\/wp-json\/wp\/v2\/comments?post=40181"}],"version-history":[{"count":0,"href":"https:\/\/www.lab.eus\/es\/wp-json\/wp\/v2\/posts\/40181\/revisions"}],"wp:featuredmedia":[{"embeddable":true,"href":"https:\/\/www.lab.eus\/es\/wp-json\/wp\/v2\/media\/40180"}],"wp:attachment":[{"href":"https:\/\/www.lab.eus\/es\/wp-json\/wp\/v2\/media?parent=40181"}],"wp:term":[{"taxonomy":"category","embeddable":true,"href":"https:\/\/www.lab.eus\/es\/wp-json\/wp\/v2\/categories?post=40181"},{"taxonomy":"post_tag","embeddable":true,"href":"https:\/\/www.lab.eus\/es\/wp-json\/wp\/v2\/tags?post=40181"}],"curies":[{"name":"wp","href":"https:\/\/api.w.org\/{rel}","templated":true}]}}