{"id":40165,"date":"2021-11-23T09:57:00","date_gmt":"2021-11-23T09:57:00","guid":{"rendered":"https:\/\/www.lab.eus\/?p=40165"},"modified":"2021-11-23T12:01:51","modified_gmt":"2021-11-23T12:01:51","slug":"elizondo-requiem-por-la-atencion-primaria","status":"publish","type":"post","link":"https:\/\/www.lab.eus\/es\/elizondo-requiem-por-la-atencion-primaria\/","title":{"rendered":"Elizondo, r\u00e9quiem por la Atenci\u00f3n Primaria"},"content":{"rendered":"\n<p>La situaci\u00f3n del centro de salud de Elizondo y la de todo Baztan roza cifras catastr\u00f3ficas en cuanto a la atenci\u00f3n a la ciudadan\u00eda.\u00a0La informaci\u00f3n que nos hace llegar la plantilla es la de la falta casi total de m\u00e9dicos que se ha reducido de los 5 que conforman la plantilla de Elizondo de forma ordinaria, a \u00fanicamente un facultativo en la actualidad que debe dar cobertura a toda la poblaci\u00f3n. Por otra parte, la ausencia de pediatra en la zona hace m\u00e1s que necesario acciones urgentes que aseguren la atenci\u00f3n.\u00a0<\/p>\n\n\n\n<p>Desde el sindicato\u00a0LAB\u00a0denunciamos esta situaci\u00f3n inaceptable que afecta a uno de los valles m\u00e1s importantes de la zona norte de Navarra y que presenta el h\u00e1ndicap de las obras de la N-121-A, que a\u00edsla a\u00fan m\u00e1s a la poblaci\u00f3n e impide el compromiso de Salud y del Gobierno de Navarra de dar cobertura a las urgencias temporo-dependientes, la atenci\u00f3n pedi\u00e1trica y el seguimiento del paciente cr\u00f3nico, en una poblaci\u00f3n ya de por s\u00ed envejecida.<\/p>\n\n\n\n<p>La situaci\u00f3n de la zona de Baztan es la punta del iceberg de la falta de atenci\u00f3n generalizada en varias zonas de Navarra, sobre todo en el \u00e1mbito rural. La falta de acciones por parte de la gerencia de Atenci\u00f3n Primaria y de la consejera Santos indurain, est\u00e1 creando desigualdades muy importantes en la Comunidad Foral. Dir\u00edamos que existen ciudadanos de primera y de segunda, pero ni siquiera esto es cierto, ya que el declive de la atenci\u00f3n en los centros de salud es algo generalizado desde hace ya demasiado tiempo. La falta de accesibilidad, la dificultad para la atenci\u00f3n, la falta de recursos sobre todo en materia de personal y el ascenso en las cifras de covid pone a la Atenci\u00f3n Primaria contra las cuerdas.<\/p>\n\n\n\n<p>El nuevo plan de la Atenci\u00f3n primaria, que se supone que iba colocar la AP como eje principal, se vuelve a quedar en mera palabrer\u00eda ante la falta de soluciones eficientes que resuelvan la situaci\u00f3n de los centros de salud. Las productividades se han demostrado como insuficientes y totalmente ineficientes y est\u00e1n derivando en la repulsa de la gran mayor\u00eda de los y las profesionales y el hasti\u00f3 del resto.<\/p>\n\n\n\n<p>Desde el sindicato\u00a0LAB\u00a0creemos que es el momento de realizar movilizaciones que engloben a toda la ciudadan\u00eda y a la plantilla, para lograr un presupuesto para Salud, y en particular para Atenci\u00f3n Primaria, que la hagan resolutiva, accesible y la doten de continuidad en los cuidados. Desde el sindicato LAB vemos c\u00f3mo los intereses privatizadores buscan precisamente la falta de calidad en los servicios p\u00fablicos para extender a\u00fan m\u00e1s sus tent\u00e1culos a costa de los intereses p\u00fablicos. Pedimos a la poblaci\u00f3n en general, y a la plantilla en particular, estar atentas a todas las acciones en defensa de la sanidad p\u00fablica y de los servicios p\u00fablicos en general.<\/p>\n\n\n\n<p>Es hora de decir basta ya a una gesti\u00f3n que est\u00e1 dejando sin atenci\u00f3n a miles de personas, aumentando las listas de espera de forma exponencial y eliminado la calidad de atenci\u00f3n ante una falta de proyecto que lo \u00fanico que ofrece es el adelgazamiento de la atenci\u00f3n, la centralizaci\u00f3n y la falta de equidad.<\/p>\n","protected":false},"excerpt":{"rendered":"<p>La situaci\u00f3n del centro de salud de Elizondo y la de todo Baztan roza cifras catastr\u00f3ficas en cuanto a la atenci\u00f3n a la ciudadan\u00eda. Actualmente, un \u00fanico facultativo debe dar cobertura a toda la poblaci\u00f3n.<\/p>\n","protected":false},"author":1189,"featured_media":40161,"comment_status":"closed","ping_status":"closed","sticky":false,"template":"","format":"standard","meta":{"_monsterinsights_skip_tracking":false,"_monsterinsights_sitenote_active":false,"_monsterinsights_sitenote_note":"","_monsterinsights_sitenote_category":0,"footnotes":"","_links_to":"","_links_to_target":""},"categories":[3097,6,3283],"tags":[3178,3355,3100,3171],"class_list":{"0":"post-40165","1":"post","2":"type-post","3":"status-publish","4":"format-standard","5":"has-post-thumbnail","7":"category-sanidad","8":"category-es-servicios-publicos","9":"category-sin-categorizar","10":"tag-destacado-1","11":"tag-osasunbidea-es","12":"tag-sanidad-es","13":"tag-servicios-publicos-es"},"_links":{"self":[{"href":"https:\/\/www.lab.eus\/es\/wp-json\/wp\/v2\/posts\/40165","targetHints":{"allow":["GET"]}}],"collection":[{"href":"https:\/\/www.lab.eus\/es\/wp-json\/wp\/v2\/posts"}],"about":[{"href":"https:\/\/www.lab.eus\/es\/wp-json\/wp\/v2\/types\/post"}],"author":[{"embeddable":true,"href":"https:\/\/www.lab.eus\/es\/wp-json\/wp\/v2\/users\/1189"}],"replies":[{"embeddable":true,"href":"https:\/\/www.lab.eus\/es\/wp-json\/wp\/v2\/comments?post=40165"}],"version-history":[{"count":0,"href":"https:\/\/www.lab.eus\/es\/wp-json\/wp\/v2\/posts\/40165\/revisions"}],"wp:featuredmedia":[{"embeddable":true,"href":"https:\/\/www.lab.eus\/es\/wp-json\/wp\/v2\/media\/40161"}],"wp:attachment":[{"href":"https:\/\/www.lab.eus\/es\/wp-json\/wp\/v2\/media?parent=40165"}],"wp:term":[{"taxonomy":"category","embeddable":true,"href":"https:\/\/www.lab.eus\/es\/wp-json\/wp\/v2\/categories?post=40165"},{"taxonomy":"post_tag","embeddable":true,"href":"https:\/\/www.lab.eus\/es\/wp-json\/wp\/v2\/tags?post=40165"}],"curies":[{"name":"wp","href":"https:\/\/api.w.org\/{rel}","templated":true}]}}