{"id":40157,"date":"2021-11-23T11:17:12","date_gmt":"2021-11-23T11:17:12","guid":{"rendered":"https:\/\/www.lab.eus\/?p=40157"},"modified":"2021-11-23T11:17:13","modified_gmt":"2021-11-23T11:17:13","slug":"distintos-colectivos-de-nafarroa-se-unen-a-la-movilizacion-del-1-de-diciembre","status":"publish","type":"post","link":"https:\/\/www.lab.eus\/es\/distintos-colectivos-de-nafarroa-se-unen-a-la-movilizacion-del-1-de-diciembre\/","title":{"rendered":"Distintos colectivos de Nafarroa se unen a la movilizaci\u00f3n del 1 de diciembre"},"content":{"rendered":"\n<p>Diversos agentes y colectivos del movimiento popular han comparecido en Iru\u00f1ea para expresar su adhesi\u00f3n\u00a0<a href=\"https:\/\/www.lab.eus\/es\/sindicatos-llamamos-a-la-movilizacion-para-el-1-de-diciembre-en-favor-de-unas-pensiones-y-unas-condiciones-laborales-y-de-vida-dignas\/\">a la jornada de movilizaciones convocada por los sindicatos <\/a>\u00a0en Hego Euskal Herria para el 1 de diciembre, <a href=\"https:\/\/www.lab.eus\/es\/trabajo-pensiones-y-una-vida-digna-no-a-las-reformas-laborales-y-de-pensiones-soberania-para-una-vida-digna-nos-unen-estas-reivindicaciones-basicas\/\">tal y como hicimos la pasada semana en Bilbo<\/a>.\u00a0En Nafarroa, por la ma\u00f1ana, nos movilizaremos en Iru\u00f1ea, en una manifestaci\u00f3n que partir\u00e1 desde la CEN a las 11.00. A la tarde, la convocatoria ser\u00e1 a las 18.00 en el Parlamento.\u00a0En Lizarra, la manifestaci\u00f3n partir\u00e1 a las 18.30 desde la sede del PSN-PSOE. En Tafalla, a las 19.30, partir\u00e1 desde Plaza Navarra. Y en Tutera tambi\u00e9n nos movilizaremos.\u00a0<\/p>\n\n\n\n<p>En la comparecencia de Iru\u00f1ea han estado presentes, entre otros, los siguientes agentes: Martes al Sol, Parlamento Social, Plataforma Navarra de Salud, AHT gelditu Nafarroa, Nafarroako Pentsionistak Martxan, Oneka, Movimiento de pensionistas de Iru\u00f1ea, Ernai, Bilgune Feminista y Euskal Herriko Eskubide Sozialen Karta.<\/p>\n","protected":false},"excerpt":{"rendered":"<p>En Nafarroa, por la ma\u00f1ana, nos movilizaremos en Iru\u00f1ea, en una manifestaci\u00f3n que partir\u00e1 desde la CEN a las 11.00. A la tarde, la convocatoria ser\u00e1 a las 18.00 en el Parlamento. En Lizarra, la manifestaci\u00f3n partir\u00e1 a las 18.30 desde la sede del PSN-PSOE. En Tafalla, a las 19.30, partir\u00e1 desde Plaza Navarra. Y en Tutera tambi\u00e9n nos movilizaremos. <\/p>\n","protected":false},"author":1189,"featured_media":40156,"comment_status":"closed","ping_status":"closed","sticky":false,"template":"","format":"standard","meta":{"_monsterinsights_skip_tracking":false,"_monsterinsights_sitenote_active":false,"_monsterinsights_sitenote_note":"","_monsterinsights_sitenote_category":0,"footnotes":"","_links_to":"","_links_to_target":""},"categories":[3402,2994,3283],"tags":[3182,3178],"class_list":{"0":"post-40157","1":"post","2":"type-post","3":"status-publish","4":"format-standard","5":"has-post-thumbnail","7":"category-accion-politica","8":"category-accion-social","9":"category-sin-categorizar","10":"tag-accion-social-es","11":"tag-destacado-1"},"_links":{"self":[{"href":"https:\/\/www.lab.eus\/es\/wp-json\/wp\/v2\/posts\/40157","targetHints":{"allow":["GET"]}}],"collection":[{"href":"https:\/\/www.lab.eus\/es\/wp-json\/wp\/v2\/posts"}],"about":[{"href":"https:\/\/www.lab.eus\/es\/wp-json\/wp\/v2\/types\/post"}],"author":[{"embeddable":true,"href":"https:\/\/www.lab.eus\/es\/wp-json\/wp\/v2\/users\/1189"}],"replies":[{"embeddable":true,"href":"https:\/\/www.lab.eus\/es\/wp-json\/wp\/v2\/comments?post=40157"}],"version-history":[{"count":0,"href":"https:\/\/www.lab.eus\/es\/wp-json\/wp\/v2\/posts\/40157\/revisions"}],"wp:featuredmedia":[{"embeddable":true,"href":"https:\/\/www.lab.eus\/es\/wp-json\/wp\/v2\/media\/40156"}],"wp:attachment":[{"href":"https:\/\/www.lab.eus\/es\/wp-json\/wp\/v2\/media?parent=40157"}],"wp:term":[{"taxonomy":"category","embeddable":true,"href":"https:\/\/www.lab.eus\/es\/wp-json\/wp\/v2\/categories?post=40157"},{"taxonomy":"post_tag","embeddable":true,"href":"https:\/\/www.lab.eus\/es\/wp-json\/wp\/v2\/tags?post=40157"}],"curies":[{"name":"wp","href":"https:\/\/api.w.org\/{rel}","templated":true}]}}