{"id":40089,"date":"2021-11-22T08:17:01","date_gmt":"2021-11-22T08:17:01","guid":{"rendered":"https:\/\/www.lab.eus\/?p=40089"},"modified":"2021-11-22T09:41:11","modified_gmt":"2021-11-22T09:41:11","slug":"llamamos-a-participar-en-la-movilizacion-convocada-para-hoy-en-el-puente-de-santiago-contra-las-politicas-migratorias-racistas","status":"publish","type":"post","link":"https:\/\/www.lab.eus\/es\/llamamos-a-participar-en-la-movilizacion-convocada-para-hoy-en-el-puente-de-santiago-contra-las-politicas-migratorias-racistas\/","title":{"rendered":"Llamamos a participar en la movilizaci\u00f3n convocada para hoy en el puente de Santiago contra las pol\u00edticas migratorias racistas"},"content":{"rendered":"\n<p>El s\u00e1bado por la ma\u00f1ana apareci\u00f3 otra persona muerta en la frontera entre Irun y Hendaia. La v\u00edctima era un hombre de 38 a\u00f1os de Costa de Marfil. Intentaba cruzar a nado el r\u00edo Bidasoa para sortear los controles policiales. Esta la s\u00e9ptima muerte contabilizada en 2021 y la cuarta en menos de un mes.<\/p>\n\n\n\n<p>La pol\u00edtica migratoria, la militarizaci\u00f3n de las fronteras, la vulneraci\u00f3n del derecho humano a la libre circulaci\u00f3n de las personas, los controles selectivos por perfil \u00e9tnico-racial, las devoluciones \u201cen caliente\u201d y la ley de extranjer\u00eda del estado espa\u00f1ol, por acci\u00f3n u omisi\u00f3n, tienen responsabilidad&nbsp;en todo esto. No son accidentes aislados, suceden demasiado frecuentemente. La frontera que se impone para dividir a Hego e Ipar Euskal Herria se ha convertido en la frontera de la muerte para las personas migrantes en tr\u00e1nsito.<\/p>\n\n\n\n<p>Desde el sindicato LAB&nbsp;exigimos que las administraciones de Hego e Ipar Euskal Herria act\u00faen de una vez evitando m\u00e1s v\u00edctimas en este tr\u00e1nsito migratorio. A diario, decenas de personas cruzan esta frontera arriesg\u00e1ndose a algo m\u00e1s que a una detenci\u00f3n. Rechazamos y denunciamos la Europa Fortaleza, que mientras explota y vulnera derechos fundamentales de miles de personas trabajadoras migradas y racializadas, los abandona a su suerte en manos de una necropol\u00edtica asesina e impune.<\/p>\n\n\n\n<p>Desde LAB, llamamos a participar en la movilizaci\u00f3n de denuncia que se realiz\u00f3 el domingo por Irun Harrera Sarea, y volvemos a llamar a las y los trabajadores a participar en la movilizaci\u00f3n que tendr\u00e1 lugar hoy lunes, a las 19:00, en el puente de Santiago.&nbsp;<\/p>\n\n\n\n<p>\u00a1Hay que terminar con esta injusticia!<\/p>\n\n\n\n<p>\u00a1Las pol\u00edticas migratorias racistas matan!<\/p>\n","protected":false},"excerpt":{"rendered":"<p>El fin de semana apareci\u00f3 otra persona muerta en la frontera entre Irun y Hendaia. Es la s\u00e9ptima muerte contabilizada en 2021 y la cuarta en menos de un mes.<\/p>\n","protected":false},"author":1189,"featured_media":40088,"comment_status":"closed","ping_status":"closed","sticky":false,"template":"","format":"standard","meta":{"_monsterinsights_skip_tracking":false,"_monsterinsights_sitenote_active":false,"_monsterinsights_sitenote_note":"","_monsterinsights_sitenote_category":0,"footnotes":"","_links_to":"","_links_to_target":""},"categories":[3402,2994,3301,3283],"tags":[3182,3178],"class_list":{"0":"post-40089","1":"post","2":"type-post","3":"status-publish","4":"format-standard","5":"has-post-thumbnail","7":"category-accion-politica","8":"category-accion-social","9":"category-euskal-herria-es-2","10":"category-sin-categorizar","11":"tag-accion-social-es","12":"tag-destacado-1"},"_links":{"self":[{"href":"https:\/\/www.lab.eus\/es\/wp-json\/wp\/v2\/posts\/40089","targetHints":{"allow":["GET"]}}],"collection":[{"href":"https:\/\/www.lab.eus\/es\/wp-json\/wp\/v2\/posts"}],"about":[{"href":"https:\/\/www.lab.eus\/es\/wp-json\/wp\/v2\/types\/post"}],"author":[{"embeddable":true,"href":"https:\/\/www.lab.eus\/es\/wp-json\/wp\/v2\/users\/1189"}],"replies":[{"embeddable":true,"href":"https:\/\/www.lab.eus\/es\/wp-json\/wp\/v2\/comments?post=40089"}],"version-history":[{"count":0,"href":"https:\/\/www.lab.eus\/es\/wp-json\/wp\/v2\/posts\/40089\/revisions"}],"wp:featuredmedia":[{"embeddable":true,"href":"https:\/\/www.lab.eus\/es\/wp-json\/wp\/v2\/media\/40088"}],"wp:attachment":[{"href":"https:\/\/www.lab.eus\/es\/wp-json\/wp\/v2\/media?parent=40089"}],"wp:term":[{"taxonomy":"category","embeddable":true,"href":"https:\/\/www.lab.eus\/es\/wp-json\/wp\/v2\/categories?post=40089"},{"taxonomy":"post_tag","embeddable":true,"href":"https:\/\/www.lab.eus\/es\/wp-json\/wp\/v2\/tags?post=40089"}],"curies":[{"name":"wp","href":"https:\/\/api.w.org\/{rel}","templated":true}]}}