{"id":40080,"date":"2021-11-19T12:58:38","date_gmt":"2021-11-19T12:58:38","guid":{"rendered":"https:\/\/www.lab.eus\/?p=40080"},"modified":"2021-11-19T12:59:22","modified_gmt":"2021-11-19T12:59:22","slug":"el-juzgado-ratifica-que-se-vulneraron-derechos-fundamentales-en-las-elecciones-sindicales-del-polideportivo-de-arrigorriaga","status":"publish","type":"post","link":"https:\/\/www.lab.eus\/es\/el-juzgado-ratifica-que-se-vulneraron-derechos-fundamentales-en-las-elecciones-sindicales-del-polideportivo-de-arrigorriaga\/","title":{"rendered":"El juzgado ratifica que se vulneraron derechos fundamentales en las elecciones sindicales del polideportivo de Arrigorriaga #LortuDugu"},"content":{"rendered":"\n<p>LAB denunci\u00f3 el acoso sindical sufrido por parte de la empresa\u00a0Xaker Kirol Zerbitzuak, situada en el polideportivo de Arrigorriaga. Concretamente, el pasado mes de mayo se celebraron elecciones sindicales en la empresa Xaker Kirol Zerbitzuak del polideportivo de Arrigorriaga, y antes del d\u00eda de la votaci\u00f3n, la direcci\u00f3n de la empresa llam\u00f3 una a una a todas y todos los trabajadoras para pedir que no votaran a LAB, ante lo cual el candidato de LAB interpuso una denuncia y el juez ha reconocido que la empresa ha vulnerado derechos fundamentales y que hay que volver a celebrar elecciones.<br><br>Queremos hacer constar que en este hecho se ha producido una clara vulneraci\u00f3n de los derechos fundamentales de las y los trabajadores, y que desgraciadamente es una situaci\u00f3n que se da en muchas ocasiones, y en ning\u00fan caso vamos a tolerar ninguna vulneraci\u00f3n de derechos contra las y los trabajadores ni contra el sindicato LAB, instrumento de defensa de las y los trabajadores.<\/p>\n\n\n\n<p>Responderemos con firmeza ante cualquier ataque o vulneraci\u00f3n de derechos, y con la voluntad de construir una sociedad m\u00e1s justa, vamos a continuar trabajando tanto en los centros de trabajo como en la calle.<\/p>\n","protected":false},"excerpt":{"rendered":"<p>Antes del d\u00eda de la votaci\u00f3n, la direcci\u00f3n de la empresa llam\u00f3 una a una a todas y todos los trabajadoras para pedir que no votaran a LAB, ante lo cual, nuestro interpuso una denuncia.<\/p>\n","protected":false},"author":1189,"featured_media":40075,"comment_status":"closed","ping_status":"closed","sticky":false,"template":"","format":"standard","meta":{"_monsterinsights_skip_tracking":false,"_monsterinsights_sitenote_active":false,"_monsterinsights_sitenote_note":"","_monsterinsights_sitenote_category":0,"footnotes":"","_links_to":"","_links_to_target":""},"categories":[18,321,8,3283],"tags":[3033,3179,3172],"class_list":{"0":"post-40080","1":"post","2":"type-post","3":"status-publish","4":"format-standard","5":"has-post-thumbnail","7":"category-es-accion-sindical","8":"category-es-acoso-sindical","9":"category-es-servicios-privados","10":"category-sin-categorizar","11":"tag-accion-sindical-es","12":"tag-destacado-2","13":"tag-servicios-privados-es"},"_links":{"self":[{"href":"https:\/\/www.lab.eus\/es\/wp-json\/wp\/v2\/posts\/40080","targetHints":{"allow":["GET"]}}],"collection":[{"href":"https:\/\/www.lab.eus\/es\/wp-json\/wp\/v2\/posts"}],"about":[{"href":"https:\/\/www.lab.eus\/es\/wp-json\/wp\/v2\/types\/post"}],"author":[{"embeddable":true,"href":"https:\/\/www.lab.eus\/es\/wp-json\/wp\/v2\/users\/1189"}],"replies":[{"embeddable":true,"href":"https:\/\/www.lab.eus\/es\/wp-json\/wp\/v2\/comments?post=40080"}],"version-history":[{"count":0,"href":"https:\/\/www.lab.eus\/es\/wp-json\/wp\/v2\/posts\/40080\/revisions"}],"wp:featuredmedia":[{"embeddable":true,"href":"https:\/\/www.lab.eus\/es\/wp-json\/wp\/v2\/media\/40075"}],"wp:attachment":[{"href":"https:\/\/www.lab.eus\/es\/wp-json\/wp\/v2\/media?parent=40080"}],"wp:term":[{"taxonomy":"category","embeddable":true,"href":"https:\/\/www.lab.eus\/es\/wp-json\/wp\/v2\/categories?post=40080"},{"taxonomy":"post_tag","embeddable":true,"href":"https:\/\/www.lab.eus\/es\/wp-json\/wp\/v2\/tags?post=40080"}],"curies":[{"name":"wp","href":"https:\/\/api.w.org\/{rel}","templated":true}]}}