{"id":40066,"date":"2021-11-19T11:51:11","date_gmt":"2021-11-19T11:51:11","guid":{"rendered":"https:\/\/www.lab.eus\/?p=40066"},"modified":"2021-11-19T11:52:59","modified_gmt":"2021-11-19T11:52:59","slug":"hemos-reclamado-una-solucion-en-el-tema-de-las-y-los-presos","status":"publish","type":"post","link":"https:\/\/www.lab.eus\/es\/hemos-reclamado-una-solucion-en-el-tema-de-las-y-los-presos\/","title":{"rendered":"Los sindicatos hemos reclamado una soluci\u00f3n urgente en el tema de las y los presos vascos"},"content":{"rendered":"\n<p>Los sindicatos\u00a0LAB, ELA, UGT, ESK, Steilas, CGT, CNT, EHNE, HIRU y Etxalde\u00a0nos hemos concentrado dentro de la iniciativa Izan Bidea de SARE por los derechos de los presos y presas vascas. Se trata de una concentraci\u00f3n que realizamos el tercer viernes de cada mes en Bilbo. As\u00ed, hemos vuelto a reclamar que se d\u00e9 una soluci\u00f3n urgente al tema de las y los presos. <\/p>\n","protected":false},"excerpt":{"rendered":"<p>Los sindicatos LAB, ELA, UGT, ESK, Steilas, CGT, CNT, EHNE, HIRU y Etxalde nos hemos concentrado dentro de la iniciativa Izan Bidea de SARE por los derechos de los presos y presas vascas. Se trata de una concentraci\u00f3n que realizamos el tercer viernes de cada mes en Bilbo. <\/p>\n","protected":false},"author":1189,"featured_media":40064,"comment_status":"closed","ping_status":"closed","sticky":false,"template":"","format":"standard","meta":{"_monsterinsights_skip_tracking":false,"_monsterinsights_sitenote_active":false,"_monsterinsights_sitenote_note":"","_monsterinsights_sitenote_category":0,"footnotes":"","_links_to":"","_links_to_target":""},"categories":[3402,2870],"tags":[3178],"class_list":{"0":"post-40066","1":"post","2":"type-post","3":"status-publish","4":"format-standard","5":"has-post-thumbnail","7":"category-accion-politica","8":"category-euskal-presoak-euskal-herria-3","9":"tag-destacado-1"},"_links":{"self":[{"href":"https:\/\/www.lab.eus\/es\/wp-json\/wp\/v2\/posts\/40066","targetHints":{"allow":["GET"]}}],"collection":[{"href":"https:\/\/www.lab.eus\/es\/wp-json\/wp\/v2\/posts"}],"about":[{"href":"https:\/\/www.lab.eus\/es\/wp-json\/wp\/v2\/types\/post"}],"author":[{"embeddable":true,"href":"https:\/\/www.lab.eus\/es\/wp-json\/wp\/v2\/users\/1189"}],"replies":[{"embeddable":true,"href":"https:\/\/www.lab.eus\/es\/wp-json\/wp\/v2\/comments?post=40066"}],"version-history":[{"count":0,"href":"https:\/\/www.lab.eus\/es\/wp-json\/wp\/v2\/posts\/40066\/revisions"}],"wp:featuredmedia":[{"embeddable":true,"href":"https:\/\/www.lab.eus\/es\/wp-json\/wp\/v2\/media\/40064"}],"wp:attachment":[{"href":"https:\/\/www.lab.eus\/es\/wp-json\/wp\/v2\/media?parent=40066"}],"wp:term":[{"taxonomy":"category","embeddable":true,"href":"https:\/\/www.lab.eus\/es\/wp-json\/wp\/v2\/categories?post=40066"},{"taxonomy":"post_tag","embeddable":true,"href":"https:\/\/www.lab.eus\/es\/wp-json\/wp\/v2\/tags?post=40066"}],"curies":[{"name":"wp","href":"https:\/\/api.w.org\/{rel}","templated":true}]}}