{"id":40036,"date":"2021-11-19T11:16:22","date_gmt":"2021-11-19T11:16:22","guid":{"rendered":"https:\/\/www.lab.eus\/?p=40036"},"modified":"2021-11-19T11:16:24","modified_gmt":"2021-11-19T11:16:24","slug":"los-presupuestos-de-nafarroa-no-recogen-los-cambios-estructurales-que-necesitamos-las-y-los-trabajadores","status":"publish","type":"post","link":"https:\/\/www.lab.eus\/es\/los-presupuestos-de-nafarroa-no-recogen-los-cambios-estructurales-que-necesitamos-las-y-los-trabajadores\/","title":{"rendered":"Los presupuestos de Nafarroa no recogen los cambios estructurales que necesitamos las y los trabajadores"},"content":{"rendered":"\n<p>El secretario general adjunto de LAB, Igor Arroyo, ha comparecido en Iru\u00f1ea para valorar el proyecto de presupuestos de Nafarroa para 2022. \u00abTras analizar la pol\u00edtica fiscal y el proyecto de presupuestos del Gobierno de Navarra, podemos afirmar que no hay cambios estructurales, que no hay decisiones pol\u00edticas de cambio de rumbo en las pol\u00edticas p\u00fablicas\u00bb, ha se\u00f1alado. <br><br>Estas son nuestras principales cr\u00edticas:<br><br>&#8211; Son unos presupuestos sin participaci\u00f3n social. Un a\u00f1o m\u00e1s, el Gobierno nos remiti\u00f3 el proyecto de presupuestos tres d\u00edas antes de la celebraci\u00f3n del Consejo Econ\u00f3mico y Social y, una vez finalizada la sesi\u00f3n, lo reenvi\u00f3 al Parlamento sin ninguna modificaci\u00f3n. Tampoco ha existido un procedimiento para recoger y trabajar las demandas de los movimientos sociales.<br><br>&#8211; Por otra parte, son presupuestos condicionados por la legislaci\u00f3n estatal. Por ejemplo, el salario de los trabajadores y trabajadoras del Gobierno de Navarra est\u00e1 limitado al porcentaje que autorizar\u00e1 el Estado. <\/p>\n\n\n\n<p>&#8211; El Gobierno de PSN-Geroa Bai sigue bloqueando una reforma fiscal de calado que grave m\u00e1s las rentas de Capital y los beneficios empresariales. La presi\u00f3n fiscal en Navarra se aleja de la media europea: si la media de la Uni\u00f3n Europea es del 40,1% la de Navarra es del 30,4%. Todos los sindicatos estamos a favor de la reforma fiscal, pero el Gobierno est\u00e1 dando por bueno el veto de la Patronal. De esta manera, el Gobierno est\u00e1 hipotecando el futuro de Navarra: lo que no se recaude hoy, no se podr\u00e1 invertir ma\u00f1ana.<\/p>\n\n\n\n<p>&#8211; Los presupuestos no recogen el necesario salto que se debe dar en los servicios p\u00fablicos y especialmente en el sistema sanitario y de cuidados. Es m\u00e1s, aunque los presupuestos crecen un 8,3% respecto al a\u00f1o anterior, la sanidad s\u00f3lo crece un 0,5%, es decir, por debajo de la inflaci\u00f3n. Pasada la etapa m\u00e1s dif\u00edcil de la pandemia, no hay intenci\u00f3n de reforzar el sistema p\u00fablico de salud ni de desarrollar un sistema p\u00fablico de cuidados comunitario. LAB considera que este es un error estrat\u00e9gico.<\/p>\n\n\n\n<p>&#8211; Aunque hay un incremento del 28% en la inversi\u00f3n prevista para el empleo, LAB es muy cr\u00edtico con la utilizaci\u00f3n de este dinero. Y es que en lugar de promover un acuerdo interprofesional que estableciera medidas como el salario m\u00ednimo de 1.400 euros en Navarra, la intervenci\u00f3n del Gobierno se limita a dar por buena la precariedad y destinar dinero p\u00fablico al \u00e1mbito privado. En el mismo sentido, el Gobierno de Navarra asigna principalmente a los empresarios las cuantiosas inversiones previstas para el fomento de la actividad econ\u00f3mica.<\/p>\n\n\n\n<p>&#8211; De este modo, los recursos aportados por los fondos europeos y la flexibilizaci\u00f3n de las normas de endeudamiento se est\u00e1n utilizando m\u00e1s para el fomento de la iniciativa privada que para acometer la transformaci\u00f3n del modelo socioproductivo y mejorar las condiciones de vida y trabajo. El Gobierno de Navarra est\u00e1 desaprovechando la oportunidad abierta para cambiar de rumbo estrat\u00e9gico y promover una transici\u00f3n ecosocialista y feminista.<\/p>\n\n\n\n<p><br><strong>Acuerdo presupuestario entre el Gobierno de Nafarroa y EH Bildu<\/strong><br><br>Aunque el acuerdo presupuestario entre el Gobierno de Navarra y EH Bildu recoge algunas mejoras sociales y laborales, su impacto respecto a la dimensi\u00f3n total de lo presupuestado es limitado, por lo que los presupuestos presentados por el Gobierno de Navarra siguen presentando las carencias estructurales mencionadas. En relaci\u00f3n al citado acuerdo presupuestario queremos destacar las siguientes claves:<\/p>\n\n\n\n<p>&#8211; &nbsp;En cuanto a la agenda de democratizaci\u00f3n de Navarra, valoramos positivamente que en la Junta de Contrataci\u00f3n se posibilite la participaci\u00f3n no s\u00f3lo de UGT y CCOO, sino de todos los sindicatos. En cuanto al an\u00e1lisis que se plantea para analizar la discriminaci\u00f3n en el acceso al empleo, lo que se recoge es un compromiso que adopt\u00f3 el Servicio Navarro de Empleo a propuesta de LAB y que no se ha materializado; visto que hasta ahora la administraci\u00f3n ha permanecido de brazos cruzados ante la discriminaci\u00f3n de g\u00e9nero y sindical en empresas como Volkswagen, seguiremos presionando en este tema.<\/p>\n\n\n\n<p>&#8211; Entre las mejoras acordadas para las administraciones p\u00fablicas se encuentran varias reivindicaciones sindicales en materia de bomberos, SOS-Navarra, guarder\u00edo de medioambiente o transporte de emergencia. Tambi\u00e9n hay que tener en cuenta el paso dado en el camino de la gratuidad del ciclo 0-3 de cara a las rentas menores a 18.000 euros.<\/p>\n\n\n\n<p>&#8211; En cuanto a las condiciones laborales y de vida de los y las trabajadoras, el acuerdo queda lejos de lo que venimos reivindicando en el \u00e1mbito sociosindical. LAB considera que m\u00e1s que la referencia general del salario m\u00ednimo ligado al salario medio, habr\u00eda que apostar por un acuerdo interprofesional para establecer un salario m\u00ednimo de 1400 euros (el 60% del salario medio, siguiendo las recomendaciones europeas). En el caso de las pensiones, la pensi\u00f3n m\u00ednima de 800 euros fijada en el acuerdo queda lejos de los 1080 euros que propugna el Movimiento de Pensionistas.<\/p>\n\n\n\n<p>&#8211; Por \u00faltimo, en cuanto al autogobierno de Navarra, el acuerdo se limita a reivindicar las competencias recogidas hace 40 a\u00f1os en el Amejoramiento Foral. Pese a la pertinencia de esta reivindicaci\u00f3n, LAB considera que es hora de abrir la puerta al debate social e institucional en torno al estatus de Navarra y, en concreto, de adquirir plenas facultades en el \u00e1mbito de las relaciones laborales y protecci\u00f3n social. La propuesta de LAB es que Navarra tenga su propio C\u00f3digo Laboral y Seguridad Social.<\/p>\n","protected":false},"excerpt":{"rendered":"<p>El secretario general adjunto de LAB, Igor Arroyo, ha comparecido en Iru\u00f1ea para valorar el proyecto de presupuestos de Nafarroa para 2022. \u00abTras analizar la pol\u00edtica fiscal y el proyecto de presupuestos del Gobierno de Navarra, podemos afirmar que no hay cambios estructurales, que no hay decisiones pol\u00edticas de cambio de rumbo en las pol\u00edticas p\u00fablicas\u00bb, ha se\u00f1alado.<\/p>\n","protected":false},"author":1189,"featured_media":40058,"comment_status":"closed","ping_status":"closed","sticky":false,"template":"","format":"standard","meta":{"_monsterinsights_skip_tracking":false,"_monsterinsights_sitenote_active":false,"_monsterinsights_sitenote_note":"","_monsterinsights_sitenote_category":0,"footnotes":"","_links_to":"","_links_to_target":""},"categories":[3402,18,2994,404,3283],"tags":[3033,3182,3178,3196],"class_list":{"0":"post-40036","1":"post","2":"type-post","3":"status-publish","4":"format-standard","5":"has-post-thumbnail","7":"category-accion-politica","8":"category-es-accion-sindical","9":"category-accion-social","10":"category-es-gobierno-de-navarra","11":"category-sin-categorizar","12":"tag-accion-sindical-es","13":"tag-accion-social-es","14":"tag-destacado-1","15":"tag-nafarroa-es-2"},"_links":{"self":[{"href":"https:\/\/www.lab.eus\/es\/wp-json\/wp\/v2\/posts\/40036","targetHints":{"allow":["GET"]}}],"collection":[{"href":"https:\/\/www.lab.eus\/es\/wp-json\/wp\/v2\/posts"}],"about":[{"href":"https:\/\/www.lab.eus\/es\/wp-json\/wp\/v2\/types\/post"}],"author":[{"embeddable":true,"href":"https:\/\/www.lab.eus\/es\/wp-json\/wp\/v2\/users\/1189"}],"replies":[{"embeddable":true,"href":"https:\/\/www.lab.eus\/es\/wp-json\/wp\/v2\/comments?post=40036"}],"version-history":[{"count":0,"href":"https:\/\/www.lab.eus\/es\/wp-json\/wp\/v2\/posts\/40036\/revisions"}],"wp:featuredmedia":[{"embeddable":true,"href":"https:\/\/www.lab.eus\/es\/wp-json\/wp\/v2\/media\/40058"}],"wp:attachment":[{"href":"https:\/\/www.lab.eus\/es\/wp-json\/wp\/v2\/media?parent=40036"}],"wp:term":[{"taxonomy":"category","embeddable":true,"href":"https:\/\/www.lab.eus\/es\/wp-json\/wp\/v2\/categories?post=40036"},{"taxonomy":"post_tag","embeddable":true,"href":"https:\/\/www.lab.eus\/es\/wp-json\/wp\/v2\/tags?post=40036"}],"curies":[{"name":"wp","href":"https:\/\/api.w.org\/{rel}","templated":true}]}}