{"id":39915,"date":"2021-11-17T10:47:30","date_gmt":"2021-11-17T10:47:30","guid":{"rendered":"https:\/\/www.lab.eus\/?p=39915"},"modified":"2021-11-17T12:35:59","modified_gmt":"2021-11-17T12:35:59","slug":"hemos-propuesto-a-confebask-y-cen-un-acuerdo-interprofesional-para-dar-paso-a-un-salario-minimo-de-1-400-euros","status":"publish","type":"post","link":"https:\/\/www.lab.eus\/es\/hemos-propuesto-a-confebask-y-cen-un-acuerdo-interprofesional-para-dar-paso-a-un-salario-minimo-de-1-400-euros\/","title":{"rendered":"Hemos propuesto a Confebask y CEN un acuerdo interprofesional para dar paso a un salario m\u00ednimo de 1.400 euros"},"content":{"rendered":"\n<p>Siguiendo la convocatoria de LAB, trabajadoras de sectores feminizados (trabajadoras de limpieza, de comercio, cuidadoras, trabajadoras de comedores) han realizado sendas movilizaciones en Bilbo e Iru\u00f1ea, ante las sedes de las patronales Confebask y CEN, con el lema \u00abQueremos un salario m\u00ednimo de 1.400 euros. Hag\u00e1moslo posible en Euskal Herria\u00bb. Todas ellas han sido trabajadoras imprescindibiles a lo largo de la pandemia, pero cuentan con salarios inferiores a los 1.400 euros. Con esta iniciativa, LAB ha reivindicado un salario m\u00ednimo de 1.400 euros ante las patronales de la CAV y Nafarroa y les ha pedido que act\u00faen en esa direcci\u00f3n.&nbsp;En definitiva, LAB ha realizado una propuesta de acuerdo interprofesional para dar paso a esa petici\u00f3n\u00bb.<\/p>\n\n\n\n<div class=\"wp-block-file\"><a href=\"https:\/\/www.lab.eus\/wp-content\/uploads\/2021\/11\/EskuorriaGAZ.pdf\">\u00a1Queremos un sueldo m\u00ednimo de 1.400 euros!<\/a><a href=\"https:\/\/www.lab.eus\/wp-content\/uploads\/2021\/11\/EskuorriaGAZ.pdf\" class=\"wp-block-file__button\" download>Deskargatu<\/a><\/div>\n\n\n\n<p>Maddalen Dorador, secretaria de la Federaci\u00f3n de Servicios Privados de LAB, ha tomado la palabra en Bilbo, ante la sede de Confebask y ha se\u00f1alado que \u00abnos hemos movilizado para reivindicar un salario m\u00ednimo de 1.400 euros\u00bb. Ha puesto el acento en el reparto de la riqueza: \u00abPedimos que la riqueza que se genera se reparta de una manera justa\u00bb, comparando los salarios de las trabajadoras. \u00abHay dinero: hoy hemos visualizado los salarios que reciben varios empresarios. Un ejemplo es S\u00e1nchez Gal\u00e1n, presidente de Iberdrola. \u00c9l gana todos los meses tanto como 660 empleadas de residencias de mayores, tanto como 799 limpiadoras\u00bb, ha remarcado.<\/p>\n\n\n\n<figure class=\"wp-block-embed is-type-video is-provider-youtube wp-block-embed-youtube wp-embed-aspect-16-9 wp-has-aspect-ratio\"><div class=\"wp-block-embed__wrapper\">\n<div class=\"youtube-embed\" data-video_id=\"qwhrT_YAiWQ\"><iframe loading=\"lazy\" title=\"1.400 euroko gutxieneko soldatari bide emateko lanbide arteko akordioa proposatu diegu patronalei\" width=\"696\" height=\"392\" src=\"https:\/\/www.youtube.com\/embed\/qwhrT_YAiWQ?feature=oembed&#038;enablejsapi=1\" frameborder=\"0\" allow=\"accelerometer; autoplay; clipboard-write; encrypted-media; gyroscope; picture-in-picture\" allowfullscreen><\/iframe><\/div>\n<\/div><\/figure>\n\n\n\n<p><br>En palabras de Dorador, \u00abexigimos el reconocimiento y la dignificaci\u00f3n de nuestros trabajos. La patronal tiene una deuda con las trabajadoras, una deuda patriarcal. Se ha enriquecido doblemente con nuestro trabajo gracias a nuestro empleo precario y a los cuidados que hacemos en casa gratis\u00bb, ha a\u00f1adido Dorador.<\/p>\n\n\n\n<p>El salario m\u00ednimo de 1.400 euros supone el 60% del salario medio de Euskal Herria. En opini\u00f3n de la representante de LAB, \u00abqu\u00e9 menos que garantizarlo. Y para que as\u00ed sea,hemos presentado a Confebask en la CAV y a la patronal CEN en Nafarroa una propuesta de acuerdo para un empleo digno\u00bb. Seguidamente, ha enumerado una serie de reivindicaciones: \u00abJunto al salario m\u00ednimo en 1.400 euros, demandamos una serie de medidas que afectan directamente a sectores feminizados: regular la jornada m\u00e1xima, superar la brecha salarial y limitar la jornada parcial, entre otras\u00bb.<br><br>La representante de LAB ha terminado su intervenci\u00f3n situando la reivindicaci\u00f3n en el \u00e1mbito pol\u00edtico-intitucional: \u00abEs justo y viable lo que pedimos. Hacemos un llamamiento a Urkullu y Chivite para que intervengan en este asunto para empujar a la patronal al acuerdo\u00bb. Ha se\u00f1alado que LAB va a seguir luchando por esto.<\/p>\n\n\n\n<figure class=\"wp-block-gallery columns-3 is-cropped wp-block-gallery-1 is-layout-flex wp-block-gallery-is-layout-flex\"><ul class=\"blocks-gallery-grid\"><li class=\"blocks-gallery-item\"><figure><img loading=\"lazy\" decoding=\"async\" width=\"1024\" height=\"768\" src=\"https:\/\/www.lab.eus\/wp-content\/uploads\/2021\/11\/Globoak-1024x768.jpeg\" alt=\"\" data-id=\"39929\" data-link=\"https:\/\/www.lab.eus\/es\/?attachment_id=39929\" class=\"wp-image-39929\" srcset=\"https:\/\/www.lab.eus\/wp-content\/uploads\/2021\/11\/Globoak-1024x768.jpeg 1024w, https:\/\/www.lab.eus\/wp-content\/uploads\/2021\/11\/Globoak-300x225.jpeg 300w, https:\/\/www.lab.eus\/wp-content\/uploads\/2021\/11\/Globoak-768x576.jpeg 768w, https:\/\/www.lab.eus\/wp-content\/uploads\/2021\/11\/Globoak-150x113.jpeg 150w, https:\/\/www.lab.eus\/wp-content\/uploads\/2021\/11\/Globoak-696x522.jpeg 696w, https:\/\/www.lab.eus\/wp-content\/uploads\/2021\/11\/Globoak-1068x801.jpeg 1068w, https:\/\/www.lab.eus\/wp-content\/uploads\/2021\/11\/Globoak-560x420.jpeg 560w, https:\/\/www.lab.eus\/wp-content\/uploads\/2021\/11\/Globoak-80x60.jpeg 80w, https:\/\/www.lab.eus\/wp-content\/uploads\/2021\/11\/Globoak-265x198.jpeg 265w, https:\/\/www.lab.eus\/wp-content\/uploads\/2021\/11\/Globoak.jpeg 1280w\" sizes=\"auto, (max-width: 1024px) 100vw, 1024px\" \/><\/figure><\/li><li class=\"blocks-gallery-item\"><figure><img loading=\"lazy\" decoding=\"async\" width=\"768\" height=\"1024\" src=\"https:\/\/www.lab.eus\/wp-content\/uploads\/2021\/11\/Irunea-768x1024.jpg\" alt=\"\" data-id=\"39931\" data-link=\"https:\/\/www.lab.eus\/es\/?attachment_id=39931\" class=\"wp-image-39931\" srcset=\"https:\/\/www.lab.eus\/wp-content\/uploads\/2021\/11\/Irunea-768x1024.jpg 768w, https:\/\/www.lab.eus\/wp-content\/uploads\/2021\/11\/Irunea-225x300.jpg 225w, https:\/\/www.lab.eus\/wp-content\/uploads\/2021\/11\/Irunea-1152x1536.jpg 1152w, https:\/\/www.lab.eus\/wp-content\/uploads\/2021\/11\/Irunea-150x200.jpg 150w, https:\/\/www.lab.eus\/wp-content\/uploads\/2021\/11\/Irunea-300x400.jpg 300w, https:\/\/www.lab.eus\/wp-content\/uploads\/2021\/11\/Irunea-696x928.jpg 696w, https:\/\/www.lab.eus\/wp-content\/uploads\/2021\/11\/Irunea-1068x1424.jpg 1068w, https:\/\/www.lab.eus\/wp-content\/uploads\/2021\/11\/Irunea-315x420.jpg 315w, https:\/\/www.lab.eus\/wp-content\/uploads\/2021\/11\/Irunea.jpg 1536w\" sizes=\"auto, (max-width: 768px) 100vw, 768px\" \/><\/figure><\/li><li class=\"blocks-gallery-item\"><figure><img loading=\"lazy\" decoding=\"async\" width=\"1024\" height=\"768\" src=\"https:\/\/www.lab.eus\/wp-content\/uploads\/2021\/11\/Irunea2-1024x768.jpeg\" alt=\"\" data-id=\"39933\" data-link=\"https:\/\/www.lab.eus\/es\/?attachment_id=39933\" class=\"wp-image-39933\" srcset=\"https:\/\/www.lab.eus\/wp-content\/uploads\/2021\/11\/Irunea2-1024x768.jpeg 1024w, https:\/\/www.lab.eus\/wp-content\/uploads\/2021\/11\/Irunea2-300x225.jpeg 300w, https:\/\/www.lab.eus\/wp-content\/uploads\/2021\/11\/Irunea2-768x576.jpeg 768w, https:\/\/www.lab.eus\/wp-content\/uploads\/2021\/11\/Irunea2-1536x1152.jpeg 1536w, https:\/\/www.lab.eus\/wp-content\/uploads\/2021\/11\/Irunea2-150x113.jpeg 150w, https:\/\/www.lab.eus\/wp-content\/uploads\/2021\/11\/Irunea2-696x522.jpeg 696w, https:\/\/www.lab.eus\/wp-content\/uploads\/2021\/11\/Irunea2-1068x801.jpeg 1068w, https:\/\/www.lab.eus\/wp-content\/uploads\/2021\/11\/Irunea2-1920x1440.jpeg 1920w, https:\/\/www.lab.eus\/wp-content\/uploads\/2021\/11\/Irunea2-560x420.jpeg 560w, https:\/\/www.lab.eus\/wp-content\/uploads\/2021\/11\/Irunea2-80x60.jpeg 80w, https:\/\/www.lab.eus\/wp-content\/uploads\/2021\/11\/Irunea2-265x198.jpeg 265w, https:\/\/www.lab.eus\/wp-content\/uploads\/2021\/11\/Irunea2.jpeg 2048w\" sizes=\"auto, (max-width: 1024px) 100vw, 1024px\" \/><\/figure><\/li><li class=\"blocks-gallery-item\"><figure><img loading=\"lazy\" decoding=\"async\" width=\"1024\" height=\"682\" src=\"https:\/\/www.lab.eus\/wp-content\/uploads\/2021\/11\/Argazkla2-1024x682.jpg\" alt=\"\" data-id=\"39943\" data-link=\"https:\/\/www.lab.eus\/1-400-euroko-gutxieneko-soldatari-bide-emateko-lanbide-arteko-akordioa-proposatu-diegu-confebask-eta-cen-patronalei\/argazkla2\/\" class=\"wp-image-39943\" srcset=\"https:\/\/www.lab.eus\/wp-content\/uploads\/2021\/11\/Argazkla2-1024x682.jpg 1024w, https:\/\/www.lab.eus\/wp-content\/uploads\/2021\/11\/Argazkla2-300x200.jpg 300w, https:\/\/www.lab.eus\/wp-content\/uploads\/2021\/11\/Argazkla2-768x512.jpg 768w, https:\/\/www.lab.eus\/wp-content\/uploads\/2021\/11\/Argazkla2-150x100.jpg 150w, https:\/\/www.lab.eus\/wp-content\/uploads\/2021\/11\/Argazkla2-696x464.jpg 696w, https:\/\/www.lab.eus\/wp-content\/uploads\/2021\/11\/Argazkla2-1068x712.jpg 1068w, https:\/\/www.lab.eus\/wp-content\/uploads\/2021\/11\/Argazkla2-630x420.jpg 630w, https:\/\/www.lab.eus\/wp-content\/uploads\/2021\/11\/Argazkla2.jpg 1280w\" sizes=\"auto, (max-width: 1024px) 100vw, 1024px\" \/><\/figure><\/li><li class=\"blocks-gallery-item\"><figure><img loading=\"lazy\" decoding=\"async\" width=\"1024\" height=\"620\" src=\"https:\/\/www.lab.eus\/wp-content\/uploads\/2021\/11\/Bilbo3-2-1024x620.jpeg\" alt=\"\" data-id=\"39946\" data-full-url=\"https:\/\/www.lab.eus\/wp-content\/uploads\/2021\/11\/Bilbo3-2.jpeg\" data-link=\"https:\/\/www.lab.eus\/1-400-euroko-gutxieneko-soldatari-bide-emateko-lanbide-arteko-akordioa-proposatu-diegu-confebask-eta-cen-patronalei\/bilbo3-2-2\/\" class=\"wp-image-39946\" srcset=\"https:\/\/www.lab.eus\/wp-content\/uploads\/2021\/11\/Bilbo3-2-1024x620.jpeg 1024w, https:\/\/www.lab.eus\/wp-content\/uploads\/2021\/11\/Bilbo3-2-300x182.jpeg 300w, https:\/\/www.lab.eus\/wp-content\/uploads\/2021\/11\/Bilbo3-2-768x465.jpeg 768w, https:\/\/www.lab.eus\/wp-content\/uploads\/2021\/11\/Bilbo3-2-150x91.jpeg 150w, https:\/\/www.lab.eus\/wp-content\/uploads\/2021\/11\/Bilbo3-2-696x421.jpeg 696w, https:\/\/www.lab.eus\/wp-content\/uploads\/2021\/11\/Bilbo3-2-1068x647.jpeg 1068w, https:\/\/www.lab.eus\/wp-content\/uploads\/2021\/11\/Bilbo3-2-694x420.jpeg 694w, https:\/\/www.lab.eus\/wp-content\/uploads\/2021\/11\/Bilbo3-2.jpeg 1247w\" sizes=\"auto, (max-width: 1024px) 100vw, 1024px\" \/><\/figure><\/li><\/ul><\/figure>\n","protected":false},"excerpt":{"rendered":"<p>Trabajadoras de sectores feminizados han realizado sendas movilizaciones en Bilbo e Iru\u00f1ea, ante las sedes de las patronales. Junto al salario m\u00ednimo en 1.400 euros, hemos reclamado la regulaci\u00f3n de la jornada m\u00e1xima, la eliminaci\u00f3n de la brecha salarial y la limitaci\u00f3n la jornada parcial.<\/p>\n","protected":false},"author":1189,"featured_media":39942,"comment_status":"closed","ping_status":"closed","sticky":false,"template":"","format":"standard","meta":{"_monsterinsights_skip_tracking":false,"_monsterinsights_sitenote_active":false,"_monsterinsights_sitenote_note":"","_monsterinsights_sitenote_category":0,"footnotes":"","_links_to":"","_links_to_target":""},"categories":[18,3281,8,3283],"tags":[3033,3178,3196,3172],"class_list":{"0":"post-39915","1":"post","2":"type-post","3":"status-publish","4":"format-standard","5":"has-post-thumbnail","7":"category-es-accion-sindical","8":"category-secretaria-feminista","9":"category-es-servicios-privados","10":"category-sin-categorizar","11":"tag-accion-sindical-es","12":"tag-destacado-1","13":"tag-nafarroa-es-2","14":"tag-servicios-privados-es"},"_links":{"self":[{"href":"https:\/\/www.lab.eus\/es\/wp-json\/wp\/v2\/posts\/39915","targetHints":{"allow":["GET"]}}],"collection":[{"href":"https:\/\/www.lab.eus\/es\/wp-json\/wp\/v2\/posts"}],"about":[{"href":"https:\/\/www.lab.eus\/es\/wp-json\/wp\/v2\/types\/post"}],"author":[{"embeddable":true,"href":"https:\/\/www.lab.eus\/es\/wp-json\/wp\/v2\/users\/1189"}],"replies":[{"embeddable":true,"href":"https:\/\/www.lab.eus\/es\/wp-json\/wp\/v2\/comments?post=39915"}],"version-history":[{"count":0,"href":"https:\/\/www.lab.eus\/es\/wp-json\/wp\/v2\/posts\/39915\/revisions"}],"wp:featuredmedia":[{"embeddable":true,"href":"https:\/\/www.lab.eus\/es\/wp-json\/wp\/v2\/media\/39942"}],"wp:attachment":[{"href":"https:\/\/www.lab.eus\/es\/wp-json\/wp\/v2\/media?parent=39915"}],"wp:term":[{"taxonomy":"category","embeddable":true,"href":"https:\/\/www.lab.eus\/es\/wp-json\/wp\/v2\/categories?post=39915"},{"taxonomy":"post_tag","embeddable":true,"href":"https:\/\/www.lab.eus\/es\/wp-json\/wp\/v2\/tags?post=39915"}],"curies":[{"name":"wp","href":"https:\/\/api.w.org\/{rel}","templated":true}]}}