{"id":39906,"date":"2021-11-16T16:09:30","date_gmt":"2021-11-16T16:09:30","guid":{"rendered":"https:\/\/www.lab.eus\/?p=39906"},"modified":"2021-11-16T16:09:32","modified_gmt":"2021-11-16T16:09:32","slug":"hemos-denunciado-la-decision-del-gobierno-frances-de-seguir-adelante-con-la-celebracion-del-referendum-en-kanakia","status":"publish","type":"post","link":"https:\/\/www.lab.eus\/es\/hemos-denunciado-la-decision-del-gobierno-frances-de-seguir-adelante-con-la-celebracion-del-referendum-en-kanakia\/","title":{"rendered":"Hemos denunciado la decisi\u00f3n del Gobierno franc\u00e9s de seguir adelante con la celebraci\u00f3n del refer\u00e9ndum en Kanakia"},"content":{"rendered":"\n<p>Durante a\u00f1os, tanto el sindicato LAB como el sindicato independentista Kanako USTKE han estado vinculados en la lucha; una lucha para que los trabajadores y las trabajadoras podamos vivir con dignidad y para que nuestros pueblos puedan decidir su propio futuro. LAB ha seguido siempre de cerca lo que ocurre en Kanakia y ha apoyado al pueblo kanako en su leg\u00edtima lucha por la liberaci\u00f3n social y nacional desde el principio.<\/p>\n\n\n\n<p>El pueblo kanako, al igual que Euskal Herria, est\u00e1 pagando con creces las decisiones pol\u00edticas del Gobierno franc\u00e9s. En nombre de un ahorro cada vez mayor, est\u00e1n debilitando el sistema sanitario p\u00fablico y las consecuencias son catastr\u00f3ficas: mala atenci\u00f3n a las personas usuarias, agotamiento del personal, muerte de muchas personas&#8230;<\/p>\n\n\n\n<p>Mediante estas l\u00edneas, el sindicato LAB quiere rendir homenaje a las y los compa\u00f1eros de la USTKE fallecidos en los \u00faltimos meses y desde est\u00e1s lineas queremos recordar su incansable trabajo. El fallecimiento de estas personas militantes caus\u00f3 una fuerte conmoci\u00f3n en nuestro sindicato.<\/p>\n\n\n\n<p>Por otro lado, denunciamos que el Gobierno franc\u00e9s intenta imponerse una vez m\u00e1s como fuerza colonial en Kanakia, imponiendo la celebraci\u00f3n del tercer refer\u00e9ndum para el 12 de diciembre. Una vez m\u00e1s, echa le\u00f1a al fuego y busca dividir a\u00fan m\u00e1s al pueblo kanako. En caso de seguir adelante con la celebraci\u00f3n del refer\u00e9ndum, ser\u00e1 el Estado franc\u00e9s qui\u00e9n tendr\u00e1 que asumir todas las consecuencias de la celebraci\u00f3n del refer\u00e9ndum y ser\u00e1 el \u00fanico responsable de ellas.<\/p>\n\n\n\n<p>Aunque son miles de kil\u00f3metros los que distancian Kanakia de Euskal Herria, seguimos el proceso actual con gran atenci\u00f3n y somos muy conscientes de lo que est\u00e1 en juego. El sindicato LAB desea dar su pleno apoyo al pueblo kanako en su conjunto y en especial al sindicato USTKE en su lucha por la liberaci\u00f3n del pueblo kanako.<\/p>\n\n\n\n<p>Por ello, dada la catastr\u00f3fica situaci\u00f3n sanitaria asociada a la COVID 19, queremos reiterarles nuestro apoyo a la leg\u00edtima petici\u00f3n de aplazamiento del refer\u00e9ndum. El objetivo de mantener la fecha del refer\u00e9ndum es una aut\u00e9ntica provocaci\u00f3n pol\u00edtica que muestra, una vez m\u00e1s, la terquedad del Estado franc\u00e9s, y su concepci\u00f3n del di\u00e1logo y del ejercicio democr\u00e1tico. En este sentido, apoyamos el llamamiento del independentismo Kanako a no participar en el refer\u00e9ndum.<\/p>\n","protected":false},"excerpt":{"rendered":"<p>Dada la catastr\u00f3fica situaci\u00f3n sanitaria asociada a la COVID 19, queremos reiterar nuestro apoyo a la leg\u00edtima petici\u00f3n de aplazamiento del refer\u00e9ndum propuesta por el movimiento independentista.<\/p>\n","protected":false},"author":1189,"featured_media":39904,"comment_status":"closed","ping_status":"closed","sticky":false,"template":"","format":"standard","meta":{"_monsterinsights_skip_tracking":false,"_monsterinsights_sitenote_active":false,"_monsterinsights_sitenote_note":"","_monsterinsights_sitenote_category":0,"footnotes":"","_links_to":"","_links_to_target":""},"categories":[3402,4,3283],"tags":[3178,3173],"class_list":{"0":"post-39906","1":"post","2":"type-post","3":"status-publish","4":"format-standard","5":"has-post-thumbnail","7":"category-accion-politica","8":"category-es-internacional","9":"category-sin-categorizar","10":"tag-destacado-1","11":"tag-internacional-es"},"_links":{"self":[{"href":"https:\/\/www.lab.eus\/es\/wp-json\/wp\/v2\/posts\/39906","targetHints":{"allow":["GET"]}}],"collection":[{"href":"https:\/\/www.lab.eus\/es\/wp-json\/wp\/v2\/posts"}],"about":[{"href":"https:\/\/www.lab.eus\/es\/wp-json\/wp\/v2\/types\/post"}],"author":[{"embeddable":true,"href":"https:\/\/www.lab.eus\/es\/wp-json\/wp\/v2\/users\/1189"}],"replies":[{"embeddable":true,"href":"https:\/\/www.lab.eus\/es\/wp-json\/wp\/v2\/comments?post=39906"}],"version-history":[{"count":0,"href":"https:\/\/www.lab.eus\/es\/wp-json\/wp\/v2\/posts\/39906\/revisions"}],"wp:featuredmedia":[{"embeddable":true,"href":"https:\/\/www.lab.eus\/es\/wp-json\/wp\/v2\/media\/39904"}],"wp:attachment":[{"href":"https:\/\/www.lab.eus\/es\/wp-json\/wp\/v2\/media?parent=39906"}],"wp:term":[{"taxonomy":"category","embeddable":true,"href":"https:\/\/www.lab.eus\/es\/wp-json\/wp\/v2\/categories?post=39906"},{"taxonomy":"post_tag","embeddable":true,"href":"https:\/\/www.lab.eus\/es\/wp-json\/wp\/v2\/tags?post=39906"}],"curies":[{"name":"wp","href":"https:\/\/api.w.org\/{rel}","templated":true}]}}