{"id":39658,"date":"2021-11-11T13:06:21","date_gmt":"2021-11-11T13:06:21","guid":{"rendered":"https:\/\/www.lab.eus\/?p=39658"},"modified":"2021-11-11T13:06:23","modified_gmt":"2021-11-11T13:06:23","slug":"sindicatos-llamamos-a-la-movilizacion-para-el-1-de-diciembre-en-favor-de-unas-pensiones-y-unas-condiciones-laborales-y-de-vida-dignas","status":"publish","type":"post","link":"https:\/\/www.lab.eus\/es\/sindicatos-llamamos-a-la-movilizacion-para-el-1-de-diciembre-en-favor-de-unas-pensiones-y-unas-condiciones-laborales-y-de-vida-dignas\/","title":{"rendered":"Sindicatos llamamos a la movilizaci\u00f3n para el 1 de diciembre en favor de unas pensiones y unas condiciones laborales y de vida dignas"},"content":{"rendered":"\n<p>Comunicado conjunto de LAB, ELA, STEILAS, ESK, ETXALDE, HIRU, CGT y CNT con motivo de la comparecencia de hoy:<\/p>\n\n\n\n<div class=\"wp-block-file\"><a href=\"https:\/\/www.lab.eus\/wp-content\/uploads\/2021\/11\/Eskuorria.pdf\">Lan, pentsio eta bizi baldintza duinen alde. Lan eta pentsio erreformei ez. Soberan\u00eda para una vida digna<\/a><a href=\"https:\/\/www.lab.eus\/wp-content\/uploads\/2021\/11\/Eskuorria.pdf\" class=\"wp-block-file__button\" download>Deskargatu<\/a><\/div>\n\n\n\n<p>Distintas organizaciones hemos acordado una serie de reivindicaciones e iniciar una din\u00e1mica de movilizaci\u00f3n conjunta para su consecuci\u00f3n. Compartimos la importancia del momento. Los fondos europeos se est\u00e1n convirtiendo en una espada de Damocles, algo que es inaceptable. Desde un principio qued\u00f3 claro que a cambio de ellos se iba a exigir tomar medidas de ajuste social y pol\u00edticas presupuestarias de austeridad. De aqu\u00ed a finales de a\u00f1o pretenden tomar decisiones que van a determinar nuestras condiciones de vida y de trabajo futuras. La aprobaci\u00f3n de la reforma laboral y de la reforma de pensiones son condiciones sin las que los nuevos hombres de negro no van a dar luz verde al segundo tramo de transferencias de los Fondos al Estado espa\u00f1ol. Y en ninguno de los dos casos se est\u00e1 dando respuesta a las demandas de los movimientos sindicales y sociales de Euskal Herria.<\/p>\n\n\n\n<p>En el proyecto de ley de reforma de las pensiones se recortan las jubilaciones anticipadas y, lejos de garantizar unas pensiones m\u00ednimas de 1.080 euros o acabar con la brecha de g\u00e9nero, lo poco que se sabe apunta a medidas que no derogar\u00e1n los recortes impuestas a\u00f1os atr\u00e1s ni reforzar\u00e1n el sistema p\u00fablico de pensiones. El contenido de la reforma laboral es una inc\u00f3gnita a\u00fan mayor, pero nada apunta que se vaya a garantizar nuestro derecho a establecer libremente nuestros convenios en Euskal Herria ni a derogar las reformas anteriores en aspectos clave como la facilidad para despedir. Queremos condicionar estas reformas, y la movilizaci\u00f3n es la v\u00eda por la que vamos a transitar para ello.<\/p>\n\n\n\n<p>Por su parte, las instituciones de Hego Euskal Herria no quieren ni o\u00edr hablar de cambiar el modelo en cuestiones esenciales, como la salud, la educaci\u00f3n o el sistema p\u00fablico de cuidados, o en abordar una reforma fiscal urgente, que aumente de manera importante los impuestos a pagar por las rentas empresariales y del capital, en especial por los beneficios de las empresas y por el patrimonio y las grandes fortunas. Confebask y CEN son quienes marcan estas pol\u00edticas.<\/p>\n\n\n\n<p>La continuidad de las pol\u00edticas presupuestarias r\u00e1canas, la apuesta por la privatizaci\u00f3n de los servicios p\u00fablicos y por unas prestaciones sociales que incluso se pretenden recortar (como ocurre con la propuesta de reforma de la RGI en la CAPV), la ausencia de medidas para proteger un comercio local en crisis, muestran la negativa a pasar a limpio las ense\u00f1anzas de la crisis de 2008 y de lo que ha ocurrido con la pandemia del coronavirus. Asimismo, la gesti\u00f3n de la crisis sanitaria ha dejado patente la fragilidad del sistema auton\u00f3mico: el Estado tiene la potestad de imponer sus criterios cuando estime oportuno.<\/p>\n\n\n\n<figure class=\"wp-block-image size-large\"><img loading=\"lazy\" decoding=\"async\" width=\"724\" height=\"1024\" src=\"https:\/\/www.lab.eus\/wp-content\/uploads\/2021\/11\/Kartela-724x1024.jpg\" alt=\"\" class=\"wp-image-39666\" srcset=\"https:\/\/www.lab.eus\/wp-content\/uploads\/2021\/11\/Kartela-724x1024.jpg 724w, https:\/\/www.lab.eus\/wp-content\/uploads\/2021\/11\/Kartela-212x300.jpg 212w, https:\/\/www.lab.eus\/wp-content\/uploads\/2021\/11\/Kartela-768x1086.jpg 768w, https:\/\/www.lab.eus\/wp-content\/uploads\/2021\/11\/Kartela-1087x1536.jpg 1087w, https:\/\/www.lab.eus\/wp-content\/uploads\/2021\/11\/Kartela-1449x2048.jpg 1449w, https:\/\/www.lab.eus\/wp-content\/uploads\/2021\/11\/Kartela-150x212.jpg 150w, https:\/\/www.lab.eus\/wp-content\/uploads\/2021\/11\/Kartela-300x424.jpg 300w, https:\/\/www.lab.eus\/wp-content\/uploads\/2021\/11\/Kartela-696x984.jpg 696w, https:\/\/www.lab.eus\/wp-content\/uploads\/2021\/11\/Kartela-1068x1510.jpg 1068w, https:\/\/www.lab.eus\/wp-content\/uploads\/2021\/11\/Kartela-297x420.jpg 297w, https:\/\/www.lab.eus\/wp-content\/uploads\/2021\/11\/Kartela.jpg 1755w\" sizes=\"auto, (max-width: 724px) 100vw, 724px\" \/><\/figure>\n\n\n\n<p>Como hemos indicado, nuestra apuesta es la movilizaci\u00f3n. Las organizaciones sindicales que impulsamos este llamamiento consideramos necesario confluir, como hemos hecho al apoyar las movilizaciones del 13 de noviembre convocadas por el Mo- vimiento de Pensionistas de Euskal Herria.<\/p>\n\n\n\n<p>Tambi\u00e9n hemos venido marcando la referencia de una posible huelga general, sobre la cual nos hemos ido pronunciando de manera individual. Hoy salimos a decir que en ese contexto vemos necesario convocar una jornada de movilizaciones el d\u00eda 1 de diciembre. Ese d\u00eda vamos a salir a la calle, tanto a la ma\u00f1ana en las cuatro capitales de Hego Euskal Herria como a la tarde en las distintas comarcas, para defender nuestras reivindicaciones bajo el lema \u00abLan, pentsio eta bizi baldintza duinen alde. Lan eta pentsio erreformei ez. Soberan\u00eda para una vida digna\u00bb.<\/p>\n\n\n\n<p>Hacemos un llamamiento al conjunto de organizaciones sociales a sumarse a este llamamiento, y a colaborar activamente para que la movilizaci\u00f3n del 1 de diciembre sea lo m\u00e1s amplia e importante posible.<\/p>\n","protected":false},"excerpt":{"rendered":"<p>Saldremos a la calle en las cuatro capitales de Hego Euskal Herria por la ma\u00f1ana y en los eskualdes, por la tarde. Queremos condicionar las reformas y reivindicar otras pol\u00edticas p\u00fablicas. La movilizaci\u00f3n conjunta es el camino que hemos elegido para ello.<\/p>\n","protected":false},"author":1189,"featured_media":39673,"comment_status":"closed","ping_status":"closed","sticky":false,"template":"","format":"standard","meta":{"_monsterinsights_skip_tracking":false,"_monsterinsights_sitenote_active":false,"_monsterinsights_sitenote_note":"","_monsterinsights_sitenote_category":0,"footnotes":"","_links_to":"","_links_to_target":""},"categories":[3402,18,2994,3283],"tags":[3033,3182],"class_list":{"0":"post-39658","1":"post","2":"type-post","3":"status-publish","4":"format-standard","5":"has-post-thumbnail","7":"category-accion-politica","8":"category-es-accion-sindical","9":"category-accion-social","10":"category-sin-categorizar","11":"tag-accion-sindical-es","12":"tag-accion-social-es"},"_links":{"self":[{"href":"https:\/\/www.lab.eus\/es\/wp-json\/wp\/v2\/posts\/39658","targetHints":{"allow":["GET"]}}],"collection":[{"href":"https:\/\/www.lab.eus\/es\/wp-json\/wp\/v2\/posts"}],"about":[{"href":"https:\/\/www.lab.eus\/es\/wp-json\/wp\/v2\/types\/post"}],"author":[{"embeddable":true,"href":"https:\/\/www.lab.eus\/es\/wp-json\/wp\/v2\/users\/1189"}],"replies":[{"embeddable":true,"href":"https:\/\/www.lab.eus\/es\/wp-json\/wp\/v2\/comments?post=39658"}],"version-history":[{"count":0,"href":"https:\/\/www.lab.eus\/es\/wp-json\/wp\/v2\/posts\/39658\/revisions"}],"wp:featuredmedia":[{"embeddable":true,"href":"https:\/\/www.lab.eus\/es\/wp-json\/wp\/v2\/media\/39673"}],"wp:attachment":[{"href":"https:\/\/www.lab.eus\/es\/wp-json\/wp\/v2\/media?parent=39658"}],"wp:term":[{"taxonomy":"category","embeddable":true,"href":"https:\/\/www.lab.eus\/es\/wp-json\/wp\/v2\/categories?post=39658"},{"taxonomy":"post_tag","embeddable":true,"href":"https:\/\/www.lab.eus\/es\/wp-json\/wp\/v2\/tags?post=39658"}],"curies":[{"name":"wp","href":"https:\/\/api.w.org\/{rel}","templated":true}]}}