{"id":39494,"date":"2021-11-03T13:38:27","date_gmt":"2021-11-03T13:38:27","guid":{"rendered":"https:\/\/www.lab.eus\/?p=39494"},"modified":"2021-11-03T13:38:29","modified_gmt":"2021-11-03T13:38:29","slug":"gracias-a-la-movilizacion-nos-han-propuesto-reactivar-la-mesa-negociadora-de-intervencion-social-de-araba","status":"publish","type":"post","link":"https:\/\/www.lab.eus\/es\/gracias-a-la-movilizacion-nos-han-propuesto-reactivar-la-mesa-negociadora-de-intervencion-social-de-araba\/","title":{"rendered":"Gracias a la movilizaci\u00f3n, nos han propuesto reactivar la mesa negociadora de Intervenci\u00f3n Social de Araba"},"content":{"rendered":"\n<p>El sector de Intervenci\u00f3n Social de Araba contin\u00faa con sus movilizaciones a favor de un convenio digno. <a href=\"https:\/\/www.lab.eus\/es\/las-y-los-trabajadores-de-intervencion-social-de-araba-piden-que-se-reconozca-su-trabajo-y-que-ese-reconocimiento-tenga-reflejo-en-un-convenio-digno\/\">Nos hemos vuelto a movilizar<\/a> ante la sede de la Diputaci\u00f3n, a convocatoria de los sindicatos LAB, ELA, CCOO, ESK y UGT.<\/p>\n\n\n\n<p>Este es el comunicado emitido con motivo de la protesta de hoy:<\/p>\n\n\n\n<p><strong>TERCERA JORNADA DE MOVILIZACIONES<\/strong><\/p>\n\n\n\n<p><strong>NOVEDADES EN EL SECTOR DE&nbsp;INTERVENCI<\/strong><strong>\u00d3N SOCIAL DE&nbsp;\u00c1LAVA<\/strong><\/p>\n\n\n\n<p>Durante el mes de Octubre los sindicatos con representaci\u00f3n en el sector de Intervenci\u00f3n Social de Araba: ELA, CCOO, LAB, ESK y UGT, hemos mantenido reuniones con&nbsp;<strong>PNV, PSE-EE, EHBILDU, ELKARREKIN PODEMOS y PP.<\/strong><\/p>\n\n\n\n<p>Todos ellos han mostrado voluntad pol\u00edtica para cambiar la situaci\u00f3n y empat\u00eda hacia un sector que consideran esencial.&nbsp;&nbsp;&nbsp;<\/p>\n\n\n\n<p>En la concentraci\u00f3n del d\u00eda 27 de Octubre, el propio Emilio Sola, Diputado de Pol\u00edticas Sociales, se acerc\u00f3 a nuestra pancarta y salud\u00f3 a las personas trabajadoras del sector tendi\u00e9ndoles su mano para reunirse con ellas<strong>.&nbsp;<\/strong>Elmismo d\u00eda 27 octubre solicitamos esa reuni\u00f3n y hemos recibido contestaci\u00f3n para llevarla a cabo el pr\u00f3ximo 9 de Noviembre.&nbsp;<\/p>\n\n\n\n<p>Le recordaremos al se\u00f1or Sola que ya mantuvimos una reuni\u00f3n con su equipo el pasado 8 de junio,\u00a0<strong>donde le transmitimosnuestra preocupaci\u00f3n<\/strong> ante la posici\u00f3n de AISA en la mesa, y que llev\u00e1bamos 7 reuniones escuchando lo mismo: \u201cla falta de garant\u00eda de financiaci\u00f3n por parte de las instituciones para sacar adelante el III Convenio\u201d. Ya sab\u00edan lo que despu\u00e9s se ha hecho realidad, y mientras tanto siguen pasando los meses.\u00a0<\/p>\n\n\n\n<p>Ese mismo d\u00eda 27, recibimos por parte de AISA la comunicaci\u00f3n de una propuesta para reactivar la mesa.Tenemos que analizarla en profundidad y hemos concretado para ello una nueva reuni\u00f3n de mesa negociadora para el mismo d\u00eda 9 de noviembre.<\/p>\n\n\n\n<p>Hasta entonces, nosotras y nosotrosseguimos con nuestro planteamiento de movilizaciones. La pr\u00f3xima concentraci\u00f3n ser\u00e1 el mi\u00e9rcoles d\u00eda 10 de noviembre a las 10:00 horas en la Plaza de la Provincia.<\/p>\n","protected":false},"excerpt":{"rendered":"<p>El sector de Intervenci\u00f3n Social de Araba contin\u00faa con sus movilizaciones a favor de un convenio digno. Nos hemos vuelto a movilizar ante la sede de la Diputaci\u00f3n, a convocatoria de los sindicatos LAB, ELA, CCOO, ESK y UGT.<\/p>\n","protected":false},"author":1189,"featured_media":39491,"comment_status":"closed","ping_status":"closed","sticky":false,"template":"","format":"standard","meta":{"_monsterinsights_skip_tracking":false,"_monsterinsights_sitenote_active":false,"_monsterinsights_sitenote_note":"","_monsterinsights_sitenote_category":0,"footnotes":"","_links_to":"","_links_to_target":""},"categories":[18,3119,6],"tags":[3178,3220,3171],"class_list":{"0":"post-39494","1":"post","2":"type-post","3":"status-publish","4":"format-standard","5":"has-post-thumbnail","7":"category-es-accion-sindical","8":"category-intervencion-y-accion-social","9":"category-es-servicios-publicos","10":"tag-destacado-1","11":"tag-intervencion-social","12":"tag-servicios-publicos-es"},"_links":{"self":[{"href":"https:\/\/www.lab.eus\/es\/wp-json\/wp\/v2\/posts\/39494","targetHints":{"allow":["GET"]}}],"collection":[{"href":"https:\/\/www.lab.eus\/es\/wp-json\/wp\/v2\/posts"}],"about":[{"href":"https:\/\/www.lab.eus\/es\/wp-json\/wp\/v2\/types\/post"}],"author":[{"embeddable":true,"href":"https:\/\/www.lab.eus\/es\/wp-json\/wp\/v2\/users\/1189"}],"replies":[{"embeddable":true,"href":"https:\/\/www.lab.eus\/es\/wp-json\/wp\/v2\/comments?post=39494"}],"version-history":[{"count":0,"href":"https:\/\/www.lab.eus\/es\/wp-json\/wp\/v2\/posts\/39494\/revisions"}],"wp:featuredmedia":[{"embeddable":true,"href":"https:\/\/www.lab.eus\/es\/wp-json\/wp\/v2\/media\/39491"}],"wp:attachment":[{"href":"https:\/\/www.lab.eus\/es\/wp-json\/wp\/v2\/media?parent=39494"}],"wp:term":[{"taxonomy":"category","embeddable":true,"href":"https:\/\/www.lab.eus\/es\/wp-json\/wp\/v2\/categories?post=39494"},{"taxonomy":"post_tag","embeddable":true,"href":"https:\/\/www.lab.eus\/es\/wp-json\/wp\/v2\/tags?post=39494"}],"curies":[{"name":"wp","href":"https:\/\/api.w.org\/{rel}","templated":true}]}}