{"id":39275,"date":"2021-10-27T08:51:28","date_gmt":"2021-10-27T08:51:28","guid":{"rendered":"https:\/\/www.lab.eus\/?p=39275"},"modified":"2021-10-27T12:17:53","modified_gmt":"2021-10-27T12:17:53","slug":"las-y-los-trabajadores-de-intervencion-social-de-araba-piden-que-se-reconozca-su-trabajo-y-que-ese-reconocimiento-tenga-reflejo-en-un-convenio-digno","status":"publish","type":"post","link":"https:\/\/www.lab.eus\/es\/las-y-los-trabajadores-de-intervencion-social-de-araba-piden-que-se-reconozca-su-trabajo-y-que-ese-reconocimiento-tenga-reflejo-en-un-convenio-digno\/","title":{"rendered":"Las y los trabajadores de Intervenci\u00f3n Social de Araba piden que se reconozca su trabajo y que ese reconocimiento tenga reflejo en un convenio digno"},"content":{"rendered":"\n<p>El sector de Intervenci\u00f3n Social de Araba contin\u00faa con sus movilizaciones a favor de un convenio digno, fruto de la falta de responsabilidad de los gobiernos de PNV y PSE y de la patronal AISA. Los sindicatos hemos llevado a cabo una ruidosa concentraci\u00f3n frente a la sede de la Diputaci\u00f3n Foral de Araba, <a href=\"https:\/\/www.lab.eus\/es\/el-sector-de-intervencion-social-de-araba-inicia-movilizaciones-en-defensa-de-un-convenio-digno-ante-la-falta-de-responsabilidad-de-los-gobiernos-de-pnv-y-pse-y-de-la-patronal-aisa\/\">en el marco del calendario de movilizaciones previsto<\/a>.<\/p>\n\n\n\n<p>Comunicado de LAB, ELA, CCOO, ESK y UGT, con motivo de la jornada de movilizaci\u00f3n de hoy:<\/p>\n\n\n\n<p><strong>Segunda jornada de movilizaciones en el sector de la Intervenci\u00f3n Social de Araba en defensa de un convenio digno ante la falta de responsabilidad de los gobiernos de PNV y PSE y de la patronal AISA<\/strong><\/p>\n\n\n\n<p>Los servicios que se gestionan son 100% p\u00fablicos, en un sector que durante toda la pandemia, ha sido considerado como actividad esencial. Se trata de servicios absolutamente necesarios que no pueden dejar de prestarse. Las personas trabajadoras han demostrado, durante esta crisis, que son plenamente conscientes de su responsabilidad social, aportando toda la fuerza de su trabajo y mostrando su disponibilidad para hacer frente com\u00fan a la situaci\u00f3n.<\/p>\n\n\n\n<p>El pasado 10 de diciembre de 2020 se constituy\u00f3 la mesa negociadora del III Convenio de Intervenci\u00f3n Social de Araba. Desde este momento se han realizado 9 reuniones de negociaci\u00f3n en los que los avances han sido a cuentagotas. El mayor obst\u00e1culo planteado por la patronal del sector, AISA, para modificar su posici\u00f3n ha sido la negativa de las instituciones a garantizar la financiaci\u00f3n de las mejoras planteadas en el convenio.<\/p>\n\n\n\n<p>Los sindicatos presentes en la mesa negociadora, ELA, CCOO, LAB, ESK y UGT compartimos la frustraci\u00f3n provocada por la actitud de una patronal que carece de iniciativa para mejorar las condiciones del sector tal y como se lo merece. Cruzarse de brazos esperando una llamada o una reuni\u00f3n que saben que no va a llegar no es la actitud que las trabajadoras del sector merecen de la patronal.<\/p>\n\n\n\n<p>Seguimos reiterando que, en m\u00e1s de diez meses, AISA no ha presentado ninguna propuesta formal de acercamiento real a los planteamientos sindicales, el ejemplo m\u00e1s claro es que la patronal plantea una subida salarial de un total del 4% en 3 a\u00f1os, cuando el IPC interanual ya se sit\u00faa en un 4% en septiembre de 2021. Una aut\u00e9ntica tomadura de pelo para un sector en condiciones muy precarias. Ni siquiera se plantea garantizar el poder adquisitivo a las personas trabajadoras del sector.<\/p>\n\n\n\n<p>El planteamiento sindical, sit\u00faa la actualizaci\u00f3n salarial en un 6,5%, con la garant\u00eda del IPC para el periodo de vigencia del Convenio 2021-2023 y una reducci\u00f3n de jornada de 8 horas anuales, adem\u00e1s de mejoras en el complemento de IT, en licencias y permisos, derechos de conciliaci\u00f3n de la vida familiar, social y laboral, la eliminaci\u00f3n de algunas incompatibilidades entre pluses y el derecho al acceso al contrato de relevo. Estas reivindicaciones, absolutamente sensatas y viables han sido rechazadas por la patronal, por lo que la falta de avances ha provocado el bloqueo de la mesa negociadora.<\/p>\n\n\n\n<p>Ante esta situaci\u00f3n, hoy, 27 de octubre, nos volvemos a concentrar en la Plaza de la Provincia, solicitando a las Instituciones P\u00fablicas la financiaci\u00f3n de las mejoras planteadas en el III Convenio de Intervenci\u00f3n Social de Araba y a la patronal AISA que se comprometa a desbloquear la situaci\u00f3n actual, preacordando las condiciones planteadas por la parte sindical cuanto antes. A d\u00eda de hoy no existe movimiento alguno por su parte con lo que seguiremos con las movilizaciones.<\/p>\n\n\n\n<p>Las Instituciones P\u00fablicas tienen la obligaci\u00f3n de velar por la igualdad entre hombres y mujeres, garantizando, entre otras medidas, la mejora de las condiciones laborales en sectores tan feminizados como el de la Intervenci\u00f3n Social. No vale con reconocimientos en privado ni p\u00fablicos, como los realizados por el diputado de Pol\u00edticas Sociales de Araba Emilio Sola en el \u00faltimo a\u00f1o, hace falta garantizar la financiaci\u00f3n del III Convenio de Intervenci\u00f3n Social de Araba en los presupuestos de 2022.<\/p>\n\n\n\n<p>Con voluntad pol\u00edtica, olvidando excusas tan falsas y viejas como la aplicaci\u00f3n de la ley de la desindexaci\u00f3n de la econom\u00eda espa\u00f1ola en el sector, que solo plantea la Diputaci\u00f3n de Araba entre todas las instituciones del conjunto del Estado. Ley que no es de aplicaci\u00f3n, tal y como nos ha dicho alto y claro el socio de gobierno del PNV en la Diputaci\u00f3n, el PSE en reuni\u00f3n mantenida con el grupo juntero el pasado 18 de octubre.<\/p>\n\n\n\n<p>Es totalmente incomprensible la falta de compromiso pol\u00edtico en una coyuntura en la que nos cansamos de o\u00edr al diputado general de \u00c1lava, Ramiro Gonz\u00e1lez, que presentar\u00e1 los presupuestos m\u00e1s altos de la historia de Araba.<\/p>\n\n\n\n<p>Hoy, alto y claro, exigimos el reconocimiento de la labor de las profesionales del sector, reconocimiento que vendr\u00e1 de un convenio digno, que volveremos a ganar en la calle, tal y como hicimos a finales de 2017, con movilizaciones que incluyeron 3 exitosas jornadas de huelga en el sector.<\/p>\n","protected":false},"excerpt":{"rendered":"<p>Los sindicatos hemos llevado a cabo una ruidosa concentraci\u00f3n frente a la sede de la Diputaci\u00f3n Foral de Araba, en el marco del calendario de movilizaciones previsto.<\/p>\n","protected":false},"author":1189,"featured_media":39272,"comment_status":"closed","ping_status":"closed","sticky":false,"template":"","format":"standard","meta":{"_monsterinsights_skip_tracking":false,"_monsterinsights_sitenote_active":false,"_monsterinsights_sitenote_note":"","_monsterinsights_sitenote_category":0,"footnotes":"","_links_to":"","_links_to_target":""},"categories":[18,3119,6,3283],"tags":[3033,3178,3171],"class_list":{"0":"post-39275","1":"post","2":"type-post","3":"status-publish","4":"format-standard","5":"has-post-thumbnail","7":"category-es-accion-sindical","8":"category-intervencion-y-accion-social","9":"category-es-servicios-publicos","10":"category-sin-categorizar","11":"tag-accion-sindical-es","12":"tag-destacado-1","13":"tag-servicios-publicos-es"},"_links":{"self":[{"href":"https:\/\/www.lab.eus\/es\/wp-json\/wp\/v2\/posts\/39275","targetHints":{"allow":["GET"]}}],"collection":[{"href":"https:\/\/www.lab.eus\/es\/wp-json\/wp\/v2\/posts"}],"about":[{"href":"https:\/\/www.lab.eus\/es\/wp-json\/wp\/v2\/types\/post"}],"author":[{"embeddable":true,"href":"https:\/\/www.lab.eus\/es\/wp-json\/wp\/v2\/users\/1189"}],"replies":[{"embeddable":true,"href":"https:\/\/www.lab.eus\/es\/wp-json\/wp\/v2\/comments?post=39275"}],"version-history":[{"count":0,"href":"https:\/\/www.lab.eus\/es\/wp-json\/wp\/v2\/posts\/39275\/revisions"}],"wp:featuredmedia":[{"embeddable":true,"href":"https:\/\/www.lab.eus\/es\/wp-json\/wp\/v2\/media\/39272"}],"wp:attachment":[{"href":"https:\/\/www.lab.eus\/es\/wp-json\/wp\/v2\/media?parent=39275"}],"wp:term":[{"taxonomy":"category","embeddable":true,"href":"https:\/\/www.lab.eus\/es\/wp-json\/wp\/v2\/categories?post=39275"},{"taxonomy":"post_tag","embeddable":true,"href":"https:\/\/www.lab.eus\/es\/wp-json\/wp\/v2\/tags?post=39275"}],"curies":[{"name":"wp","href":"https:\/\/api.w.org\/{rel}","templated":true}]}}