{"id":39266,"date":"2021-10-27T08:21:45","date_gmt":"2021-10-27T08:21:45","guid":{"rendered":"https:\/\/www.lab.eus\/?p=39266"},"modified":"2021-10-27T08:21:46","modified_gmt":"2021-10-27T08:21:46","slug":"hemos-reclamado-en-el-parlamento-de-nafarroa-que-se-tengan-en-cuenta-no-solo-las-necesidades-climaticas-y-energeticas-sino-tambien-las-condiciones-de-vida-y-trabajo-de-las-personas","status":"publish","type":"post","link":"https:\/\/www.lab.eus\/es\/hemos-reclamado-en-el-parlamento-de-nafarroa-que-se-tengan-en-cuenta-no-solo-las-necesidades-climaticas-y-energeticas-sino-tambien-las-condiciones-de-vida-y-trabajo-de-las-personas\/","title":{"rendered":"Hemos reclamado en el Parlamento de Nafarroa que se tengan en cuenta, no s\u00f3lo las necesidades clim\u00e1ticas y energ\u00e9ticas, sino tambi\u00e9n las condiciones de vida y trabajo de las personas"},"content":{"rendered":"\n<p>Unai Ekiza ha tomado la palabra, en representaci\u00f3n de LAB, en la Comisi\u00f3n de Desarrollo Rural y Medio Ambiente del Parlamento de Nafarroa para dar a conocer la valoraci\u00f3n que el sindicato hace del Proyecto de Ley Foral de Cambio Clim\u00e1tico y Transici\u00f3n Energ\u00e9tica.<\/p>\n\n\n\n<p>En opini\u00f3n de LAB, el abordaje de la necesaria transici\u00f3n no puede realizarse desde la \u00f3ptica de que es viable un incremento del crecimiento y este\u00a0\u00a0desacople la econom\u00eda del medio f\u00edsico; \u00abes decir, no hay alternativa tecnocient\u00edfica contrastable que demuestre que se puede seguir creciendo indefinidamente sin consecuencias ecol\u00f3gicas catastroficas. Es necesario que la transici\u00f3n se realice desde esta premisa\u00bb, hemos se\u00f1alado.<\/p>\n\n\n\n<p>Concretamente, la necesaria transformaci\u00f3n de la matriz socio-productiva de nuestra sociedad debe realizarse de forma radical, abordando el problema desde la ra\u00edz y siendo un proceso lo m\u00e1s ordenado posible. \u00abLos parches y el intento de humanizar o pintar de verde el capitalismo han demostrado su ineficacia. Es hora de abordar un cambio en profundidad y esta propuesta de Ley se queda muy lejos y no est\u00e1 a la altura de la urgencia en la que vivimos\u00bb, hemos remarcado.<\/p>\n\n\n\n<p>Asimismo, m\u00e1s all\u00e1 de las medidas que se se\u00f1alan, consideramos que \u00abes necesario hablar de los sectores y empresas en las que son necesarios los cambios y remodelaciones para transitar hacia modos productivos sostenibles. Este proceso tiene que tener en cuenta tanto la urgencia climatica y energ\u00e9tica como la vida y condiciones laborales de las personas que trabajan en dichos sectores\u00bb.<\/p>\n\n\n\n<p>Como representantes legales de las y los trabajadores, nos parece importante destacar y reivindicar el papel de la clase trabajadora en dicha transici\u00f3n: \u00abEs fundamental que la clase trabajadora tenga un papel activo, as\u00ed como espacios de reflexi\u00f3n y toma de decisi\u00f3n en lo referente a la remodelaci\u00f3n de empresas y sectores. Esta transici\u00f3n no puede realizarse desde arriba y dejarla en manos del la patronal y capital financiero. Como muestra destacable se puede citar el chantaje de las empresas el\u00e9ctricas ante las t\u00edmidas medidas del gobierno PSOE-Podemos en referencia a los beneficios ca\u00eddos del cielo. \u00bfVamos a dejar en manos de la \u00e9lite econ\u00f3mica, que solo prioriza sus multitudinarios beneficios, una transici\u00f3n necesaria y que nos corresponde a todas y todos?\u00bb.<\/p>\n\n\n\n<p>Para abordarlo de manera que se sit\u00fae la vida de las personas trabajadoras en el centro, proponemos la creaci\u00f3n de comit\u00e9s de transici\u00f3n justa en empresas y sectores; comit\u00e9s con participaci\u00f3n y capacidad de decisi\u00f3n de los y las trabajadoras del sector y que lideren los cambios necesarios en dichos \u00e1mbitos.<\/p>\n\n\n\n<p>Seg\u00fan hemos subrayado, \u00abLAB estar\u00e1 all\u00ed donde desde esta \u00f3ptica exista la valent\u00eda y el esfuerzo de caminar hacia una sociedad ecol\u00f3gicamente y socialmente justa; donde todas y todos podamos trabajar y, por lo tanto, se trabaje menos horas, se produzca y reproduzca lo necesario para el sostenimiento de la vida, generando con la menor cantidad de materias primas y energ\u00eda posible y generando el menor tama\u00f1o de residuos y distribuyendo la riqueza producida\u00bb.<\/p>\n","protected":false},"excerpt":{"rendered":"<p>Unai Ekiza ha tomado la palabra, en representaci\u00f3n de LAB, en la Comisi\u00f3n de Desarrollo Rural y Medio Ambiente del Parlamento de Nafarroa para dar a conocer la valoraci\u00f3n que el sindicato hace del Proyecto de Ley Foral de Cambio Clim\u00e1tico y Transici\u00f3n Energ\u00e9tica.<\/p>\n","protected":false},"author":1189,"featured_media":39265,"comment_status":"closed","ping_status":"closed","sticky":false,"template":"","format":"standard","meta":{"_monsterinsights_skip_tracking":false,"_monsterinsights_sitenote_active":false,"_monsterinsights_sitenote_note":"","_monsterinsights_sitenote_category":0,"footnotes":"","_links_to":"","_links_to_target":""},"categories":[3402,2994,3393],"tags":[3182,3178],"class_list":{"0":"post-39266","1":"post","2":"type-post","3":"status-publish","4":"format-standard","5":"has-post-thumbnail","7":"category-accion-politica","8":"category-accion-social","9":"category-ecosocialismo","10":"tag-accion-social-es","11":"tag-destacado-1"},"_links":{"self":[{"href":"https:\/\/www.lab.eus\/es\/wp-json\/wp\/v2\/posts\/39266","targetHints":{"allow":["GET"]}}],"collection":[{"href":"https:\/\/www.lab.eus\/es\/wp-json\/wp\/v2\/posts"}],"about":[{"href":"https:\/\/www.lab.eus\/es\/wp-json\/wp\/v2\/types\/post"}],"author":[{"embeddable":true,"href":"https:\/\/www.lab.eus\/es\/wp-json\/wp\/v2\/users\/1189"}],"replies":[{"embeddable":true,"href":"https:\/\/www.lab.eus\/es\/wp-json\/wp\/v2\/comments?post=39266"}],"version-history":[{"count":0,"href":"https:\/\/www.lab.eus\/es\/wp-json\/wp\/v2\/posts\/39266\/revisions"}],"wp:featuredmedia":[{"embeddable":true,"href":"https:\/\/www.lab.eus\/es\/wp-json\/wp\/v2\/media\/39265"}],"wp:attachment":[{"href":"https:\/\/www.lab.eus\/es\/wp-json\/wp\/v2\/media?parent=39266"}],"wp:term":[{"taxonomy":"category","embeddable":true,"href":"https:\/\/www.lab.eus\/es\/wp-json\/wp\/v2\/categories?post=39266"},{"taxonomy":"post_tag","embeddable":true,"href":"https:\/\/www.lab.eus\/es\/wp-json\/wp\/v2\/tags?post=39266"}],"curies":[{"name":"wp","href":"https:\/\/api.w.org\/{rel}","templated":true}]}}