{"id":39148,"date":"2021-10-21T08:12:00","date_gmt":"2021-10-21T08:12:00","guid":{"rendered":"https:\/\/www.lab.eus\/?p=39148"},"modified":"2021-10-21T15:13:29","modified_gmt":"2021-10-21T15:13:29","slug":"queremos-denunciar-el-acuerdo-que-han-alcanzado-para-despedir-como-minimo-a-1-380-trabajadoras-y-trabajadores-del-banco-sabadell-mediante-un-ere","status":"publish","type":"post","link":"https:\/\/www.lab.eus\/es\/queremos-denunciar-el-acuerdo-que-han-alcanzado-para-despedir-como-minimo-a-1-380-trabajadoras-y-trabajadores-del-banco-sabadell-mediante-un-ere\/","title":{"rendered":"Queremos denunciar el acuerdo que han alcanzado para despedir como m\u00ednimo a 1.380 trabajadoras y trabajadores del Banco Sabadell mediante un ERE"},"content":{"rendered":"\n<p>Desde el principio hemos manifestado que no existen razones que justifiquen los despidos de un Banco como el Sabadell que, durante el primer semestre del a\u00f1o, ha obtenido beneficios por encima de los 200 millones de euros.<\/p>\n\n\n\n<p>Bajo el lema \u201cEN EL BANCO SABADELL NO SOBRA NADIE\u201d, las y los trabajadores han realizado numerosas movilizaciones, incluso 2 d\u00edas de huelga secundadas por la pr\u00e1ctica totalidad de la plantilla, haciendo una demostraci\u00f3n de fuerza que ni el propio Banco se lo esperaba, es decir, las y los trabajadores han luchado con dignidad frente al pulso que les echaba el Banco anunciando un ERE por el cual pretend\u00edan despedir a 1900 trabajadoras.<\/p>\n\n\n\n<p>Desgraciadamente, los sindicatos arriba mencionados, han hecho o\u00eddos sordos a la reivindicaci\u00f3n de la plantilla del Sabadell y les han vendido, firmando un ERE que no solo supondr\u00e1 el despido de entre 1380 y 1605 personas, sino que tambi\u00e9n supondr\u00e1 movilidad geogr\u00e1fica de incluso m\u00e1s de 100 kil\u00f3metros, y un incremento de la carga de trabajo de las personas que no ser\u00e1n despedidas.<\/p>\n\n\n\n<p>Es vergonzoso que a un Banco que hace poco fue rescatado con dinero p\u00fablico, dinero que ni han devuelto ni devolver\u00e1n, se le permita hacer estas barbaridades. Desgraciadamente no nos coge por sorpresa, sabemos que son capaces de hacer cualquier cosa para obtener m\u00e1s y m\u00e1s beneficios. Tampoco nos coge por sorpresa la indecencia de los sindicatos arriba mencionados que han sido actores necesarios para el despido de las y los trabajadores del Sabadell. Hace tiempo que dejaron de defender a la clase trabajadora, si alguna vez lo hicieron, y se han convertido en un instrumento del capital que los usa para poder seguir aumentando su fortuna. Vendidos, eso es lo que sois, unos vendidos.<\/p>\n\n\n\n<p>Para acabar, queremos agradecer a toda la plantilla que ha luchado con dignidad contra un poderoso como es el Banco Sabadell y que no se merece lo que les han hecho. LAB seguir\u00e1 defendiendo los intereses de las trabajadoras y trabajadores del Banco Sabadell y m\u00e1s ante este tipo de injusticias.<\/p>\n","protected":false},"excerpt":{"rendered":"<p>Desde el principio hemos manifestado que no existen razones que justifiquen los despidos de un Banco como el Sabadell que, durante el primer semestre del a\u00f1o, ha obtenido beneficios por encima de los 200 millones de euros.<\/p>\n","protected":false},"author":1189,"featured_media":39150,"comment_status":"closed","ping_status":"closed","sticky":false,"template":"","format":"standard","meta":{"_monsterinsights_skip_tracking":false,"_monsterinsights_sitenote_active":false,"_monsterinsights_sitenote_note":"","_monsterinsights_sitenote_category":0,"footnotes":"","_links_to":"","_links_to_target":""},"categories":[18,2936,8],"tags":[3033,3178,3172],"class_list":{"0":"post-39148","1":"post","2":"type-post","3":"status-publish","4":"format-standard","5":"has-post-thumbnail","7":"category-es-accion-sindical","8":"category-banca","9":"category-es-servicios-privados","10":"tag-accion-sindical-es","11":"tag-destacado-1","12":"tag-servicios-privados-es"},"_links":{"self":[{"href":"https:\/\/www.lab.eus\/es\/wp-json\/wp\/v2\/posts\/39148","targetHints":{"allow":["GET"]}}],"collection":[{"href":"https:\/\/www.lab.eus\/es\/wp-json\/wp\/v2\/posts"}],"about":[{"href":"https:\/\/www.lab.eus\/es\/wp-json\/wp\/v2\/types\/post"}],"author":[{"embeddable":true,"href":"https:\/\/www.lab.eus\/es\/wp-json\/wp\/v2\/users\/1189"}],"replies":[{"embeddable":true,"href":"https:\/\/www.lab.eus\/es\/wp-json\/wp\/v2\/comments?post=39148"}],"version-history":[{"count":0,"href":"https:\/\/www.lab.eus\/es\/wp-json\/wp\/v2\/posts\/39148\/revisions"}],"wp:featuredmedia":[{"embeddable":true,"href":"https:\/\/www.lab.eus\/es\/wp-json\/wp\/v2\/media\/39150"}],"wp:attachment":[{"href":"https:\/\/www.lab.eus\/es\/wp-json\/wp\/v2\/media?parent=39148"}],"wp:term":[{"taxonomy":"category","embeddable":true,"href":"https:\/\/www.lab.eus\/es\/wp-json\/wp\/v2\/categories?post=39148"},{"taxonomy":"post_tag","embeddable":true,"href":"https:\/\/www.lab.eus\/es\/wp-json\/wp\/v2\/tags?post=39148"}],"curies":[{"name":"wp","href":"https:\/\/api.w.org\/{rel}","templated":true}]}}