{"id":38998,"date":"2021-10-20T09:24:32","date_gmt":"2021-10-20T09:24:32","guid":{"rendered":"https:\/\/www.lab.eus\/?p=38998"},"modified":"2021-10-20T09:24:34","modified_gmt":"2021-10-20T09:24:34","slug":"hemos-denunciado-nuevamente-las-decisiones-unilaterales-tomadas-por-el-departamento-de-educacion-sobre-el-funcionamiento-de-los-comedores-escolares","status":"publish","type":"post","link":"https:\/\/www.lab.eus\/es\/hemos-denunciado-nuevamente-las-decisiones-unilaterales-tomadas-por-el-departamento-de-educacion-sobre-el-funcionamiento-de-los-comedores-escolares\/","title":{"rendered":"Hemos denunciado nuevamente las decisiones unilaterales tomadas por el Departamento de Educaci\u00f3n sobre el funcionamiento de los comedores escolares"},"content":{"rendered":"\n<p>LAB se ha movilizado en Lakua ante la sede del Gobierno Vasco en Gasteiz. Representantes del sindicato han se\u00f1alado que el pasado curso qued\u00f3 en evidencia la necesidad urgente de modificar la Orden de 22 de marzo del 2000, por la que se regulan los comedores escolares p\u00fablicos, as\u00ed como la circular de la viceconsejera de administraci\u00f3n y servicios en relaci\u00f3n al funcionamiento de los mismos a partir del a\u00f1o 2019.<\/p>\n\n\n\n<p>En numerosas ocasiones el sindicato LAB ha hecho saber al departamento de Jokin Bildarratz que cualquier decisi\u00f3n o cambio al respecto debe saber acordado con la representaci\u00f3n de las trabajadoras. Pues bien, al inicio de este curso el Departamento de Educaci\u00f3n public\u00f3 en su p\u00e1gina web una nueva circular sobre el funcionamiento de los comedores para este curso 2021-2022, decisi\u00f3n nuevamente unilateral y que no recoge en absoluto muchas de nuestrasreivindicacionesquetienencomoobjetivolamejora, ensuconjunto, deesteservicio:<\/p>\n\n\n\n<p>\u2022 Bajada de ratios.<br>\u2022 Aumento de las jornadas.<br>\u2022 Contrataci\u00f3n de m\u00e1s personal.<\/p>\n\n\n\n<p>El comedor escolar es parte fundamental en la educaci\u00f3n integral que el alumnado recibe durante su etapa acad\u00e9mica,desdelos0a\u00f1oshastaquefinalizalaeducaci\u00f3nobligatoria; debeconsiderarse,porlotanto,unespacio m\u00e1s del centro educativo donde es evidente que se sigue aprendiendo y educando, y no debe ser valorado, como hace el Departamento de Educaci\u00f3n, como un mero servicio complementario. Queremos recalcar esto porque la consejer\u00eda del se\u00f1or Bildarratz ha decidido que las 18 horas complementarias que las trabajadoras tenemos por curso, para llevar a cabo, entre otras cosas, reuniones de coordinaci\u00f3n con la responsable de comedor, propuestas de mejora, realizaci\u00f3n de informes,&#8230; funciones que siempre se han realizado y que tanto no cost\u00f3 que se nos reconocieran, no sean de obligado cumplimiento, contradiciendo gravemente lo recogido en nuestro convenio colectivo.<\/p>\n\n\n\n<p>Adem\u00e1s, no podemos olvidar que el servicio de comedor escolar es la base de alimentaci\u00f3n principal y a veces \u00fanica de muchas alumnas y alumnos, ya que existen familias, y cada vez m\u00e1s, que se encuentran en una situaci\u00f3n econ\u00f3mica y social extremadamente complicada (alumnado becado, aumento de la segregaci\u00f3n, consecuencias de la pandemia, &#8230;).<\/p>\n\n\n\n<p>Dicho esto, las representantes de las trabajadoras del sindicato LAB instamos al Departamento de Educaci\u00f3n a no tomar decisiones unilaterales y a sentarse a negociar la Orden de 22 de marzo del 2000 por la que se regulan los comedores escolares p\u00fablicos, as\u00ed como la circular de la Viceconsejer\u00eda de Administraci\u00f3n y Servicios.<\/p>\n","protected":false},"excerpt":{"rendered":"<p>Nos hemos movilizado en Lakua ante la sede del Gobierno Vasco en Gasteiz.<\/p>\n","protected":false},"author":1189,"featured_media":38996,"comment_status":"closed","ping_status":"closed","sticky":false,"template":"","format":"standard","meta":{"_monsterinsights_skip_tracking":false,"_monsterinsights_sitenote_active":false,"_monsterinsights_sitenote_note":"","_monsterinsights_sitenote_category":0,"footnotes":"","_links_to":"","_links_to_target":""},"categories":[18,3058,2990,33,6],"tags":[3033,3178,3266,3194,3171],"class_list":{"0":"post-38998","1":"post","2":"type-post","3":"status-publish","4":"format-standard","5":"has-post-thumbnail","7":"category-es-accion-sindical","8":"category-cocinas-y-limpieza","9":"category-educacion","10":"category-es-ensenanza","11":"category-es-servicios-publicos","12":"tag-accion-sindical-es","13":"tag-destacado-1","14":"tag-educacion-es","15":"tag-ensenanza-es","16":"tag-servicios-publicos-es"},"_links":{"self":[{"href":"https:\/\/www.lab.eus\/es\/wp-json\/wp\/v2\/posts\/38998","targetHints":{"allow":["GET"]}}],"collection":[{"href":"https:\/\/www.lab.eus\/es\/wp-json\/wp\/v2\/posts"}],"about":[{"href":"https:\/\/www.lab.eus\/es\/wp-json\/wp\/v2\/types\/post"}],"author":[{"embeddable":true,"href":"https:\/\/www.lab.eus\/es\/wp-json\/wp\/v2\/users\/1189"}],"replies":[{"embeddable":true,"href":"https:\/\/www.lab.eus\/es\/wp-json\/wp\/v2\/comments?post=38998"}],"version-history":[{"count":0,"href":"https:\/\/www.lab.eus\/es\/wp-json\/wp\/v2\/posts\/38998\/revisions"}],"wp:featuredmedia":[{"embeddable":true,"href":"https:\/\/www.lab.eus\/es\/wp-json\/wp\/v2\/media\/38996"}],"wp:attachment":[{"href":"https:\/\/www.lab.eus\/es\/wp-json\/wp\/v2\/media?parent=38998"}],"wp:term":[{"taxonomy":"category","embeddable":true,"href":"https:\/\/www.lab.eus\/es\/wp-json\/wp\/v2\/categories?post=38998"},{"taxonomy":"post_tag","embeddable":true,"href":"https:\/\/www.lab.eus\/es\/wp-json\/wp\/v2\/tags?post=38998"}],"curies":[{"name":"wp","href":"https:\/\/api.w.org\/{rel}","templated":true}]}}