{"id":38637,"date":"2021-10-11T08:31:43","date_gmt":"2021-10-11T08:31:43","guid":{"rendered":"https:\/\/www.lab.eus\/?p=38637"},"modified":"2021-10-11T08:34:17","modified_gmt":"2021-10-11T08:34:17","slug":"garbine-aranburu-reivindica-el-derecho-de-autodeterminacion-de-los-pueblos-en-el-congreso-del-sindicato-cig-de-galiza","status":"publish","type":"post","link":"https:\/\/www.lab.eus\/es\/garbine-aranburu-reivindica-el-derecho-de-autodeterminacion-de-los-pueblos-en-el-congreso-del-sindicato-cig-de-galiza\/","title":{"rendered":"Garbi\u00f1e Aranburu reivindica el derecho de autodeterminaci\u00f3n de los pueblos en el congreso del sindicato CIG de Galiza"},"content":{"rendered":"\n<p>Una delegaci\u00f3n del sindicato LAB compuesta por la secretaria general Garbi\u00f1e Aranburu y el secretario de Relaciones Internacionales Koldo Saenz ha participado en el VIII Congreso de la Confederaci\u00f3n Intersindical Galega (CIG) en la ciudad de Santiago.<\/p>\n\n\n\n<p>El congreso celebrado en el nuevo escenario abierto por la pandemia ha mostrado, tanto en Galiza como en el \u00e1mbito internacional, la fortaleza del sindicalismo soberanista de clase. La participaci\u00f3n de 600 congresistas y una amplia representaci\u00f3n internacional llegada desde todo el mundo demuestran la importancia del congreso.<\/p>\n\n\n\n<p>Gabi\u00f1e Aranburu, en su intervenci\u00f3n en el congreso, ha destacado los retos que requiere la situaci\u00f3n actual: \u00abNecesitamos un sindicalismo que defienda el derecho de autodeterminaci\u00f3n de los pueblos, que apueste por el cambio pol\u00edtico\u00bb. Ha insistido en que el sindicalismo combativo es m\u00e1s necesario que nunca y ha subrayado la importancia de la Huelga General para recuperar la capacidad de decisi\u00f3n y no dejarla en manos de Madrid.<\/p>\n\n\n\n<p>En el contexto del Congreso, la delegaci\u00f3n de LAB se ha reunido con la Confederaci\u00f3n Intersindical Galega para reflexionar sobre la coyuntura actual y para profundizar en nuestras relaciones con el fin de responder a los retos que el sindicalismo soberanista de clase tiene por delante.<\/p>\n\n\n\n<figure class=\"wp-block-image size-large\"><img loading=\"lazy\" decoding=\"async\" width=\"1024\" height=\"593\" src=\"https:\/\/www.lab.eus\/wp-content\/uploads\/2021\/10\/Bilera-1024x593.jpeg\" alt=\"\" class=\"wp-image-38641\" srcset=\"https:\/\/www.lab.eus\/wp-content\/uploads\/2021\/10\/Bilera-1024x593.jpeg 1024w, https:\/\/www.lab.eus\/wp-content\/uploads\/2021\/10\/Bilera-300x174.jpeg 300w, https:\/\/www.lab.eus\/wp-content\/uploads\/2021\/10\/Bilera-768x444.jpeg 768w, https:\/\/www.lab.eus\/wp-content\/uploads\/2021\/10\/Bilera-1536x889.jpeg 1536w, https:\/\/www.lab.eus\/wp-content\/uploads\/2021\/10\/Bilera-150x87.jpeg 150w, https:\/\/www.lab.eus\/wp-content\/uploads\/2021\/10\/Bilera-696x403.jpeg 696w, https:\/\/www.lab.eus\/wp-content\/uploads\/2021\/10\/Bilera-1068x618.jpeg 1068w, https:\/\/www.lab.eus\/wp-content\/uploads\/2021\/10\/Bilera-726x420.jpeg 726w, https:\/\/www.lab.eus\/wp-content\/uploads\/2021\/10\/Bilera.jpeg 1600w\" sizes=\"auto, (max-width: 1024px) 100vw, 1024px\" \/><\/figure>\n","protected":false},"excerpt":{"rendered":"<p>Una delegaci\u00f3n del sindicato LAB compuesta por la secretaria general Garbi\u00f1e Aranburu y el secretario de Relaciones Internacionales Koldo Saenz ha participado en el VIII Congreso de la Confederaci\u00f3n Intersindical Galega (CIG) en la ciudad de Santiago.<\/p>\n","protected":false},"author":1189,"featured_media":38634,"comment_status":"closed","ping_status":"closed","sticky":false,"template":"","format":"standard","meta":{"_monsterinsights_skip_tracking":false,"_monsterinsights_sitenote_active":false,"_monsterinsights_sitenote_note":"","_monsterinsights_sitenote_category":0,"footnotes":"","_links_to":"","_links_to_target":""},"categories":[3402,18,2994,3301,4],"tags":[3033,3182,3178,3277,3173,3260],"class_list":{"0":"post-38637","1":"post","2":"type-post","3":"status-publish","4":"format-standard","5":"has-post-thumbnail","7":"category-accion-politica","8":"category-es-accion-sindical","9":"category-accion-social","10":"category-euskal-herria-es-2","11":"category-es-internacional","12":"tag-accion-sindical-es","13":"tag-accion-social-es","14":"tag-destacado-1","15":"tag-garbine-aranburu-es","16":"tag-internacional-es","17":"tag-sindicato-lab-es"},"_links":{"self":[{"href":"https:\/\/www.lab.eus\/es\/wp-json\/wp\/v2\/posts\/38637","targetHints":{"allow":["GET"]}}],"collection":[{"href":"https:\/\/www.lab.eus\/es\/wp-json\/wp\/v2\/posts"}],"about":[{"href":"https:\/\/www.lab.eus\/es\/wp-json\/wp\/v2\/types\/post"}],"author":[{"embeddable":true,"href":"https:\/\/www.lab.eus\/es\/wp-json\/wp\/v2\/users\/1189"}],"replies":[{"embeddable":true,"href":"https:\/\/www.lab.eus\/es\/wp-json\/wp\/v2\/comments?post=38637"}],"version-history":[{"count":0,"href":"https:\/\/www.lab.eus\/es\/wp-json\/wp\/v2\/posts\/38637\/revisions"}],"wp:featuredmedia":[{"embeddable":true,"href":"https:\/\/www.lab.eus\/es\/wp-json\/wp\/v2\/media\/38634"}],"wp:attachment":[{"href":"https:\/\/www.lab.eus\/es\/wp-json\/wp\/v2\/media?parent=38637"}],"wp:term":[{"taxonomy":"category","embeddable":true,"href":"https:\/\/www.lab.eus\/es\/wp-json\/wp\/v2\/categories?post=38637"},{"taxonomy":"post_tag","embeddable":true,"href":"https:\/\/www.lab.eus\/es\/wp-json\/wp\/v2\/tags?post=38637"}],"curies":[{"name":"wp","href":"https:\/\/api.w.org\/{rel}","templated":true}]}}