{"id":38607,"date":"2021-10-07T12:11:14","date_gmt":"2021-10-07T12:11:14","guid":{"rendered":"https:\/\/www.lab.eus\/?p=38607"},"modified":"2021-10-07T12:18:35","modified_gmt":"2021-10-07T12:18:35","slug":"los-sindicatos-nos-mostramos-dispuestos-a-ir-a-la-huelga-si-no-se-desbloquea-la-negociacion-del-convenio-de-residencias-de-personas-mayores-de-nafarroa","status":"publish","type":"post","link":"https:\/\/www.lab.eus\/es\/los-sindicatos-nos-mostramos-dispuestos-a-ir-a-la-huelga-si-no-se-desbloquea-la-negociacion-del-convenio-de-residencias-de-personas-mayores-de-nafarroa\/","title":{"rendered":"Estamos dispuestas a ir a la huelga si no se desbloquea la negociaci\u00f3n del convenio de residencias de personas mayores de Nafarroa"},"content":{"rendered":"\n<p>Hemos comparecido para informar sobre la situaci\u00f3n de la negociaci\u00f3n iniciada el pasado mes de mayo. Los sindicatos LAB, ELA, UGT y CCOO presentamos una plataforma conjunta sobre la que, meses despu\u00e9s, la patronal no tiene voluntad de negociar. Por su parte, el Gobierno de Navarra, pese a su responsabilidad p\u00fablica, se ha limitado a respaldar la postura de la patronal.<\/p>\n\n\n\n<p>Ante esta situaci\u00f3n, el 21 de octubre, nos concentraremos ante la sede de LARES, una de las principales patronales del sector.<\/p>\n\n\n\n<p>En Navarra trabajan 4.500 trabajadoras y trabajadores en 70 centros ubicados en el herrialde. Reivindicamos un convenio para todas estas personas con el fin de que tengan unas condiciones de trabajo dignas y puedan as\u00ed ofrecer un servicio digno.<\/p>\n\n\n\n<p>El 14 de octubre, hay mesa de negociaci\u00f3n. Los sindicatos hemos advertido de que, si no se avanza en esa reuni\u00f3n, fortaleceremos las movilizaciones; tambi\u00e9n prevemos convocar huelga en el sector de aqu\u00ed a final de a\u00f1o.<\/p>\n","protected":false},"excerpt":{"rendered":"<p>Hemos comparecido para informar sobre la situaci\u00f3n de la negociaci\u00f3n iniciada el pasado mes de mayo. Los sindicatos LAB, ELA, UGT y CCOO presentamos una plataforma conjunta sobre la que, meses despu\u00e9s, la patronal no tiene voluntad de negociar.<\/p>\n","protected":false},"author":1189,"featured_media":38605,"comment_status":"closed","ping_status":"closed","sticky":false,"template":"","format":"standard","meta":{"_monsterinsights_skip_tracking":false,"_monsterinsights_sitenote_active":false,"_monsterinsights_sitenote_note":"","_monsterinsights_sitenote_category":0,"footnotes":"","_links_to":"","_links_to_target":""},"categories":[18,78,3000,6],"tags":[3033,3178,3217,3171],"class_list":{"0":"post-38607","1":"post","2":"type-post","3":"status-publish","4":"format-standard","5":"has-post-thumbnail","7":"category-es-accion-sindical","8":"category-es-administracion-de-navarra-es-servicios-publicos","9":"category-servicio-sociocomunitario","10":"category-es-servicios-publicos","11":"tag-accion-sindical-es","12":"tag-destacado-1","13":"tag-servicios-sociocomunitarios","14":"tag-servicios-publicos-es"},"_links":{"self":[{"href":"https:\/\/www.lab.eus\/es\/wp-json\/wp\/v2\/posts\/38607","targetHints":{"allow":["GET"]}}],"collection":[{"href":"https:\/\/www.lab.eus\/es\/wp-json\/wp\/v2\/posts"}],"about":[{"href":"https:\/\/www.lab.eus\/es\/wp-json\/wp\/v2\/types\/post"}],"author":[{"embeddable":true,"href":"https:\/\/www.lab.eus\/es\/wp-json\/wp\/v2\/users\/1189"}],"replies":[{"embeddable":true,"href":"https:\/\/www.lab.eus\/es\/wp-json\/wp\/v2\/comments?post=38607"}],"version-history":[{"count":0,"href":"https:\/\/www.lab.eus\/es\/wp-json\/wp\/v2\/posts\/38607\/revisions"}],"wp:featuredmedia":[{"embeddable":true,"href":"https:\/\/www.lab.eus\/es\/wp-json\/wp\/v2\/media\/38605"}],"wp:attachment":[{"href":"https:\/\/www.lab.eus\/es\/wp-json\/wp\/v2\/media?parent=38607"}],"wp:term":[{"taxonomy":"category","embeddable":true,"href":"https:\/\/www.lab.eus\/es\/wp-json\/wp\/v2\/categories?post=38607"},{"taxonomy":"post_tag","embeddable":true,"href":"https:\/\/www.lab.eus\/es\/wp-json\/wp\/v2\/tags?post=38607"}],"curies":[{"name":"wp","href":"https:\/\/api.w.org\/{rel}","templated":true}]}}