{"id":38518,"date":"2021-10-05T11:20:27","date_gmt":"2021-10-05T11:20:27","guid":{"rendered":"https:\/\/www.lab.eus\/?p=38518"},"modified":"2021-10-05T15:16:13","modified_gmt":"2021-10-05T15:16:13","slug":"hemos-insistido-en-la-necesidad-de-realizar-una-huelga-general-desde-y-para-euskal-herria","status":"publish","type":"post","link":"https:\/\/www.lab.eus\/es\/hemos-insistido-en-la-necesidad-de-realizar-una-huelga-general-desde-y-para-euskal-herria\/","title":{"rendered":"Hemos reiterado la necesidad de realizar una huelga general desde y para Euskal Herria"},"content":{"rendered":"\n<p>Con el lema \u00abSoberan\u00eda para una vida digna. Vamos hacia el cambio\u00bb, hemos realizado una asamblea de delegadas y delegados de Nafarroa y una movilizaci\u00f3n en Antsoain, <a href=\"https:\/\/www.lab.eus\/es\/garbine-aranburu-es-aqui-en-euskal-herria-donde-tenemos-que-hacer-posible-lo-que-no-es-posible-en-madrid\/\">en la misma l\u00ednea de la manifestaci\u00f3n y acto llevado a cabo la pasada semana en Bilbo. <\/a><\/p>\n\n\n\n<figure class=\"wp-block-embed is-type-video is-provider-youtube wp-block-embed-youtube wp-embed-aspect-16-9 wp-has-aspect-ratio\"><div class=\"wp-block-embed__wrapper\">\n<div class=\"youtube-embed\" data-video_id=\"4U7MYsNvu7s\"><iframe loading=\"lazy\" title=\"Euskal Herritik eta Euskal Herrirako greba orokor bat egiteko beharra berretsi dugu\" width=\"696\" height=\"392\" src=\"https:\/\/www.youtube.com\/embed\/4U7MYsNvu7s?feature=oembed&#038;enablejsapi=1\" frameborder=\"0\" allow=\"accelerometer; autoplay; clipboard-write; encrypted-media; gyroscope; picture-in-picture\" allowfullscreen><\/iframe><\/div>\n<\/div><\/figure>\n\n\n\n<p>Tal y como informamos en la presentaci\u00f3n del Programa Socioecon\u00f3mico, consideramos que es el momento de luchar por reparto del empleo, de los cuidados y de la riqueza, tanto a trav\u00e9s de las luchas en los centros de trabajo como de las movilizaciones generales. Con este esp\u00edritu hemos realizado la asamblea de delegadas y delegados en Antsoain y la posterior manifestaci\u00f3n<strong>&nbsp;<\/strong>hasta la sede de la agencia Iturrondo del Servicio Navarro de Empleo.<\/p>\n\n\n\n<figure class=\"wp-block-gallery columns-3 is-cropped wp-block-gallery-1 is-layout-flex wp-block-gallery-is-layout-flex\"><ul class=\"blocks-gallery-grid\"><li class=\"blocks-gallery-item\"><figure><img loading=\"lazy\" decoding=\"async\" width=\"2048\" height=\"1536\" src=\"https:\/\/www.lab.eus\/wp-content\/uploads\/2021\/10\/8-1024x768.jpeg\" alt=\"\" data-id=\"38539\" data-full-url=\"https:\/\/www.lab.eus\/wp-content\/uploads\/2021\/10\/8.jpeg\" data-link=\"https:\/\/www.lab.eus\/es\/hemos-insistido-en-la-necesidad-de-realizar-una-huelga-general-desde-y-para-euskal-herria\/8-4-2\/\" class=\"wp-image-38539\" srcset=\"https:\/\/www.lab.eus\/wp-content\/uploads\/2021\/10\/8-1024x768.jpeg 1024w, https:\/\/www.lab.eus\/wp-content\/uploads\/2021\/10\/8-300x225.jpeg 300w, https:\/\/www.lab.eus\/wp-content\/uploads\/2021\/10\/8-768x576.jpeg 768w, https:\/\/www.lab.eus\/wp-content\/uploads\/2021\/10\/8-1536x1152.jpeg 1536w, https:\/\/www.lab.eus\/wp-content\/uploads\/2021\/10\/8-150x113.jpeg 150w, https:\/\/www.lab.eus\/wp-content\/uploads\/2021\/10\/8-696x522.jpeg 696w, https:\/\/www.lab.eus\/wp-content\/uploads\/2021\/10\/8-1068x801.jpeg 1068w, https:\/\/www.lab.eus\/wp-content\/uploads\/2021\/10\/8-1920x1440.jpeg 1920w, https:\/\/www.lab.eus\/wp-content\/uploads\/2021\/10\/8-560x420.jpeg 560w, https:\/\/www.lab.eus\/wp-content\/uploads\/2021\/10\/8-80x60.jpeg 80w, https:\/\/www.lab.eus\/wp-content\/uploads\/2021\/10\/8-265x198.jpeg 265w, https:\/\/www.lab.eus\/wp-content\/uploads\/2021\/10\/8.jpeg 2048w\" sizes=\"auto, (max-width: 2048px) 100vw, 2048px\" \/><\/figure><\/li><li class=\"blocks-gallery-item\"><figure><img loading=\"lazy\" decoding=\"async\" width=\"1024\" height=\"768\" src=\"https:\/\/www.lab.eus\/wp-content\/uploads\/2021\/10\/2-1024x768.jpeg\" alt=\"\" data-id=\"38527\" data-full-url=\"https:\/\/www.lab.eus\/wp-content\/uploads\/2021\/10\/2.jpeg\" data-link=\"https:\/\/www.lab.eus\/es\/hemos-insistido-en-la-necesidad-de-realizar-una-huelga-general-desde-y-para-euskal-herria\/2-7-2\/\" class=\"wp-image-38527\" srcset=\"https:\/\/www.lab.eus\/wp-content\/uploads\/2021\/10\/2-1024x768.jpeg 1024w, https:\/\/www.lab.eus\/wp-content\/uploads\/2021\/10\/2-300x225.jpeg 300w, https:\/\/www.lab.eus\/wp-content\/uploads\/2021\/10\/2-768x576.jpeg 768w, https:\/\/www.lab.eus\/wp-content\/uploads\/2021\/10\/2-1536x1152.jpeg 1536w, https:\/\/www.lab.eus\/wp-content\/uploads\/2021\/10\/2-150x113.jpeg 150w, https:\/\/www.lab.eus\/wp-content\/uploads\/2021\/10\/2-696x522.jpeg 696w, https:\/\/www.lab.eus\/wp-content\/uploads\/2021\/10\/2-1068x801.jpeg 1068w, https:\/\/www.lab.eus\/wp-content\/uploads\/2021\/10\/2-1920x1440.jpeg 1920w, https:\/\/www.lab.eus\/wp-content\/uploads\/2021\/10\/2-560x420.jpeg 560w, https:\/\/www.lab.eus\/wp-content\/uploads\/2021\/10\/2-80x60.jpeg 80w, https:\/\/www.lab.eus\/wp-content\/uploads\/2021\/10\/2-265x198.jpeg 265w, https:\/\/www.lab.eus\/wp-content\/uploads\/2021\/10\/2.jpeg 2048w\" sizes=\"auto, (max-width: 1024px) 100vw, 1024px\" \/><\/figure><\/li><li class=\"blocks-gallery-item\"><figure><img loading=\"lazy\" decoding=\"async\" width=\"1024\" height=\"768\" src=\"https:\/\/www.lab.eus\/wp-content\/uploads\/2021\/10\/3-1024x768.jpeg\" alt=\"\" data-id=\"38529\" data-full-url=\"https:\/\/www.lab.eus\/wp-content\/uploads\/2021\/10\/3.jpeg\" data-link=\"https:\/\/www.lab.eus\/es\/hemos-insistido-en-la-necesidad-de-realizar-una-huelga-general-desde-y-para-euskal-herria\/3-6-2\/\" class=\"wp-image-38529\" srcset=\"https:\/\/www.lab.eus\/wp-content\/uploads\/2021\/10\/3-1024x768.jpeg 1024w, https:\/\/www.lab.eus\/wp-content\/uploads\/2021\/10\/3-300x225.jpeg 300w, https:\/\/www.lab.eus\/wp-content\/uploads\/2021\/10\/3-768x576.jpeg 768w, https:\/\/www.lab.eus\/wp-content\/uploads\/2021\/10\/3-1536x1152.jpeg 1536w, https:\/\/www.lab.eus\/wp-content\/uploads\/2021\/10\/3-150x113.jpeg 150w, https:\/\/www.lab.eus\/wp-content\/uploads\/2021\/10\/3-696x522.jpeg 696w, https:\/\/www.lab.eus\/wp-content\/uploads\/2021\/10\/3-1068x801.jpeg 1068w, https:\/\/www.lab.eus\/wp-content\/uploads\/2021\/10\/3-1920x1440.jpeg 1920w, https:\/\/www.lab.eus\/wp-content\/uploads\/2021\/10\/3-560x420.jpeg 560w, https:\/\/www.lab.eus\/wp-content\/uploads\/2021\/10\/3-80x60.jpeg 80w, https:\/\/www.lab.eus\/wp-content\/uploads\/2021\/10\/3-265x198.jpeg 265w, https:\/\/www.lab.eus\/wp-content\/uploads\/2021\/10\/3.jpeg 2048w\" sizes=\"auto, (max-width: 1024px) 100vw, 1024px\" \/><\/figure><\/li><li class=\"blocks-gallery-item\"><figure><img loading=\"lazy\" decoding=\"async\" width=\"1024\" height=\"768\" src=\"https:\/\/www.lab.eus\/wp-content\/uploads\/2021\/10\/4-1024x768.jpeg\" alt=\"\" data-id=\"38531\" data-full-url=\"https:\/\/www.lab.eus\/wp-content\/uploads\/2021\/10\/4.jpeg\" data-link=\"https:\/\/www.lab.eus\/es\/hemos-insistido-en-la-necesidad-de-realizar-una-huelga-general-desde-y-para-euskal-herria\/4-6-2\/\" class=\"wp-image-38531\" srcset=\"https:\/\/www.lab.eus\/wp-content\/uploads\/2021\/10\/4-1024x768.jpeg 1024w, https:\/\/www.lab.eus\/wp-content\/uploads\/2021\/10\/4-300x225.jpeg 300w, https:\/\/www.lab.eus\/wp-content\/uploads\/2021\/10\/4-768x576.jpeg 768w, https:\/\/www.lab.eus\/wp-content\/uploads\/2021\/10\/4-1536x1152.jpeg 1536w, https:\/\/www.lab.eus\/wp-content\/uploads\/2021\/10\/4-150x113.jpeg 150w, https:\/\/www.lab.eus\/wp-content\/uploads\/2021\/10\/4-696x522.jpeg 696w, https:\/\/www.lab.eus\/wp-content\/uploads\/2021\/10\/4-1068x801.jpeg 1068w, https:\/\/www.lab.eus\/wp-content\/uploads\/2021\/10\/4-1920x1440.jpeg 1920w, https:\/\/www.lab.eus\/wp-content\/uploads\/2021\/10\/4-560x420.jpeg 560w, https:\/\/www.lab.eus\/wp-content\/uploads\/2021\/10\/4-80x60.jpeg 80w, https:\/\/www.lab.eus\/wp-content\/uploads\/2021\/10\/4-265x198.jpeg 265w, https:\/\/www.lab.eus\/wp-content\/uploads\/2021\/10\/4.jpeg 2048w\" sizes=\"auto, (max-width: 1024px) 100vw, 1024px\" \/><\/figure><\/li><li class=\"blocks-gallery-item\"><figure><img loading=\"lazy\" decoding=\"async\" width=\"1024\" height=\"768\" src=\"https:\/\/www.lab.eus\/wp-content\/uploads\/2021\/10\/5-1024x768.jpeg\" alt=\"\" data-id=\"38533\" data-full-url=\"https:\/\/www.lab.eus\/wp-content\/uploads\/2021\/10\/5.jpeg\" data-link=\"https:\/\/www.lab.eus\/es\/hemos-insistido-en-la-necesidad-de-realizar-una-huelga-general-desde-y-para-euskal-herria\/5-6-2\/\" class=\"wp-image-38533\" srcset=\"https:\/\/www.lab.eus\/wp-content\/uploads\/2021\/10\/5-1024x768.jpeg 1024w, https:\/\/www.lab.eus\/wp-content\/uploads\/2021\/10\/5-300x225.jpeg 300w, https:\/\/www.lab.eus\/wp-content\/uploads\/2021\/10\/5-768x576.jpeg 768w, https:\/\/www.lab.eus\/wp-content\/uploads\/2021\/10\/5-1536x1152.jpeg 1536w, https:\/\/www.lab.eus\/wp-content\/uploads\/2021\/10\/5-150x113.jpeg 150w, https:\/\/www.lab.eus\/wp-content\/uploads\/2021\/10\/5-696x522.jpeg 696w, https:\/\/www.lab.eus\/wp-content\/uploads\/2021\/10\/5-1068x801.jpeg 1068w, https:\/\/www.lab.eus\/wp-content\/uploads\/2021\/10\/5-1920x1440.jpeg 1920w, https:\/\/www.lab.eus\/wp-content\/uploads\/2021\/10\/5-560x420.jpeg 560w, https:\/\/www.lab.eus\/wp-content\/uploads\/2021\/10\/5-80x60.jpeg 80w, https:\/\/www.lab.eus\/wp-content\/uploads\/2021\/10\/5-265x198.jpeg 265w, https:\/\/www.lab.eus\/wp-content\/uploads\/2021\/10\/5.jpeg 2048w\" sizes=\"auto, (max-width: 1024px) 100vw, 1024px\" \/><\/figure><\/li><li class=\"blocks-gallery-item\"><figure><img loading=\"lazy\" decoding=\"async\" width=\"1024\" height=\"768\" src=\"https:\/\/www.lab.eus\/wp-content\/uploads\/2021\/10\/6-1024x768.jpeg\" alt=\"\" data-id=\"38535\" data-full-url=\"https:\/\/www.lab.eus\/wp-content\/uploads\/2021\/10\/6.jpeg\" data-link=\"https:\/\/www.lab.eus\/es\/hemos-insistido-en-la-necesidad-de-realizar-una-huelga-general-desde-y-para-euskal-herria\/6-4-2\/\" class=\"wp-image-38535\" srcset=\"https:\/\/www.lab.eus\/wp-content\/uploads\/2021\/10\/6-1024x768.jpeg 1024w, https:\/\/www.lab.eus\/wp-content\/uploads\/2021\/10\/6-300x225.jpeg 300w, https:\/\/www.lab.eus\/wp-content\/uploads\/2021\/10\/6-768x576.jpeg 768w, https:\/\/www.lab.eus\/wp-content\/uploads\/2021\/10\/6-1536x1152.jpeg 1536w, https:\/\/www.lab.eus\/wp-content\/uploads\/2021\/10\/6-150x113.jpeg 150w, https:\/\/www.lab.eus\/wp-content\/uploads\/2021\/10\/6-696x522.jpeg 696w, https:\/\/www.lab.eus\/wp-content\/uploads\/2021\/10\/6-1068x801.jpeg 1068w, https:\/\/www.lab.eus\/wp-content\/uploads\/2021\/10\/6-1920x1440.jpeg 1920w, https:\/\/www.lab.eus\/wp-content\/uploads\/2021\/10\/6-560x420.jpeg 560w, https:\/\/www.lab.eus\/wp-content\/uploads\/2021\/10\/6-80x60.jpeg 80w, https:\/\/www.lab.eus\/wp-content\/uploads\/2021\/10\/6-265x198.jpeg 265w, https:\/\/www.lab.eus\/wp-content\/uploads\/2021\/10\/6.jpeg 2048w\" sizes=\"auto, (max-width: 1024px) 100vw, 1024px\" \/><\/figure><\/li><li class=\"blocks-gallery-item\"><figure><img loading=\"lazy\" decoding=\"async\" width=\"768\" height=\"1024\" src=\"https:\/\/www.lab.eus\/wp-content\/uploads\/2021\/10\/7-768x1024.jpeg\" alt=\"\" data-id=\"38537\" data-full-url=\"https:\/\/www.lab.eus\/wp-content\/uploads\/2021\/10\/7.jpeg\" data-link=\"https:\/\/www.lab.eus\/es\/hemos-insistido-en-la-necesidad-de-realizar-una-huelga-general-desde-y-para-euskal-herria\/7-4-2\/\" class=\"wp-image-38537\" srcset=\"https:\/\/www.lab.eus\/wp-content\/uploads\/2021\/10\/7-768x1024.jpeg 768w, https:\/\/www.lab.eus\/wp-content\/uploads\/2021\/10\/7-225x300.jpeg 225w, https:\/\/www.lab.eus\/wp-content\/uploads\/2021\/10\/7-1152x1536.jpeg 1152w, https:\/\/www.lab.eus\/wp-content\/uploads\/2021\/10\/7-150x200.jpeg 150w, https:\/\/www.lab.eus\/wp-content\/uploads\/2021\/10\/7-300x400.jpeg 300w, https:\/\/www.lab.eus\/wp-content\/uploads\/2021\/10\/7-696x928.jpeg 696w, https:\/\/www.lab.eus\/wp-content\/uploads\/2021\/10\/7-1068x1424.jpeg 1068w, https:\/\/www.lab.eus\/wp-content\/uploads\/2021\/10\/7-315x420.jpeg 315w, https:\/\/www.lab.eus\/wp-content\/uploads\/2021\/10\/7.jpeg 1536w\" sizes=\"auto, (max-width: 768px) 100vw, 768px\" \/><\/figure><\/li><\/ul><\/figure>\n","protected":false},"excerpt":{"rendered":"<p>on el lema \u00abSoberan\u00eda para una vida digna. Vamos hacia el cambio\u00bb, hemos realizado una asamblea de delegadas y delegados de Navarra y una movilizaci\u00f3n en Antsoain, en la misma l\u00ednea de la manifestaci\u00f3n y acto llevado a cabo la pasada semana en Bilbo.<\/p>\n","protected":false},"author":1189,"featured_media":38525,"comment_status":"closed","ping_status":"closed","sticky":false,"template":"","format":"video","meta":{"_monsterinsights_skip_tracking":false,"_monsterinsights_sitenote_active":false,"_monsterinsights_sitenote_note":"","_monsterinsights_sitenote_category":0,"footnotes":"","_links_to":"","_links_to_target":""},"categories":[3402,18,2994,11],"tags":[3033,3182,3178,3260],"class_list":{"0":"post-38518","1":"post","2":"type-post","3":"status-publish","4":"format-video","5":"has-post-thumbnail","7":"category-accion-politica","8":"category-es-accion-sindical","9":"category-accion-social","10":"category-es-sindicato-lab","11":"tag-accion-sindical-es","12":"tag-accion-social-es","13":"tag-destacado-1","14":"tag-sindicato-lab-es","15":"post_format-post-format-video"},"_links":{"self":[{"href":"https:\/\/www.lab.eus\/es\/wp-json\/wp\/v2\/posts\/38518","targetHints":{"allow":["GET"]}}],"collection":[{"href":"https:\/\/www.lab.eus\/es\/wp-json\/wp\/v2\/posts"}],"about":[{"href":"https:\/\/www.lab.eus\/es\/wp-json\/wp\/v2\/types\/post"}],"author":[{"embeddable":true,"href":"https:\/\/www.lab.eus\/es\/wp-json\/wp\/v2\/users\/1189"}],"replies":[{"embeddable":true,"href":"https:\/\/www.lab.eus\/es\/wp-json\/wp\/v2\/comments?post=38518"}],"version-history":[{"count":0,"href":"https:\/\/www.lab.eus\/es\/wp-json\/wp\/v2\/posts\/38518\/revisions"}],"wp:featuredmedia":[{"embeddable":true,"href":"https:\/\/www.lab.eus\/es\/wp-json\/wp\/v2\/media\/38525"}],"wp:attachment":[{"href":"https:\/\/www.lab.eus\/es\/wp-json\/wp\/v2\/media?parent=38518"}],"wp:term":[{"taxonomy":"category","embeddable":true,"href":"https:\/\/www.lab.eus\/es\/wp-json\/wp\/v2\/categories?post=38518"},{"taxonomy":"post_tag","embeddable":true,"href":"https:\/\/www.lab.eus\/es\/wp-json\/wp\/v2\/tags?post=38518"}],"curies":[{"name":"wp","href":"https:\/\/api.w.org\/{rel}","templated":true}]}}