{"id":38508,"date":"2021-10-05T09:21:43","date_gmt":"2021-10-05T09:21:43","guid":{"rendered":"https:\/\/www.lab.eus\/?p=38508"},"modified":"2021-10-05T09:21:44","modified_gmt":"2021-10-05T09:21:44","slug":"el-preacuerdo-del-sector-de-limpieza-de-edificios-y-locales-de-araba-no-recoge-las-principales-reivindicaciones-de-las-trabajadoras","status":"publish","type":"post","link":"https:\/\/www.lab.eus\/es\/el-preacuerdo-del-sector-de-limpieza-de-edificios-y-locales-de-araba-no-recoge-las-principales-reivindicaciones-de-las-trabajadoras\/","title":{"rendered":"El preacuerdo del sector de Limpieza de Edificios y Locales de Araba no recoge las principales reivindicaciones de las trabajadoras"},"content":{"rendered":"\n<p>El sindicato LAB considera insuficiente el principio de acuerdo al que llegaron las patronales y los sindicatos CCOO, UGT y USO en la \u00faltima reuni\u00f3n de negociaci\u00f3n del Convenio Colectivo de Limpieza de Edificios y Locales de Araba llevada a cabo el pasado 1 de octubre.<\/p>\n\n\n\n<p>Este preacuerdo est\u00e1 supeditado a que cada una de las partes lo ratifique de manera interna. Los principales t\u00e9rminos del preacuerdo ser\u00edan los siguientes:<\/p>\n\n\n\n<p><strong>Subidas salariales<\/strong><\/p>\n\n\n\n<p>2020: congelaci\u00f3n<\/p>\n\n\n\n<p>2021: 1,3%<\/p>\n\n\n\n<p>2022: 2%<\/p>\n\n\n\n<p>2023: 2%<\/p>\n\n\n\n<p>2024: 2%<\/p>\n\n\n\n<p><strong>Licencias<\/strong><\/p>\n\n\n\n<p>Para acompa\u00f1amiento al m\u00e9dico de familiares convivientes hasta 2\u00b0 grado<\/p>\n\n\n\n<p><strong>Excedencias<\/strong><\/p>\n\n\n\n<p>Se reduce a 1 a\u00f1o el plazo para pedir una nueva, desde el final de la anterior.<\/p>\n\n\n\n<p><strong>Garant\u00edas sindicales<\/strong><\/p>\n\n\n\n<p>Posibilidad de acumular anualmente el cr\u00e9dito horario mensual de las representantes de las trabajadoras<\/p>\n\n\n\n<p>Desde el sindicato LAB, exponemos nuestro desacuerdo con la propuesta, ya que no se recogen las principales reivindicaciones de las trabajadoras, que, adem\u00e1s, fueron el motivo por el que se moviliz\u00f3 el sector antes del verano: un salario m\u00ednimo de 1.200 euros netos, y atajar la alta parcialidad existente en el sector (%80).<\/p>\n\n\n\n<p>Adem\u00e1s, al alargar el final de la vigencia del convenio un a\u00f1o m\u00e1s del que se estaba planteando en la mesa negociadora, este preacuerdo condena al sector a seguir en la precariedad hasta 2025.<\/p>\n\n\n\n<p>Consideramos que, si finalmente se materializa el acuerdo, estar\u00edamos ante una nueva oportunidad perdida para de una vez por todas dignificar las condiciones de trabajo de las trabajadoras de limpieza.<\/p>\n\n\n\n<p>La pandemia hizo que, por primera vez, se pusiera en valor nuestro trabajo. Hemos estado exigiendo y reivindicando que los aplausos y reconocimientos verbales se tradujeran en unas condiciones dignas. Ahora era el momento de seguir peleando en esa direcci\u00f3n, pero, lamentablemente, las patronales quieren seguir condenando a este sector a la precariedad, y algunos sindicatos han arrojado la toalla.<\/p>\n","protected":false},"excerpt":{"rendered":"<p>Consideramos insuficiente el principio de acuerdo al que llegaron las patronales y los sindicatos CCOO, UGT y USO en la \u00faltima reuni\u00f3n de negociaci\u00f3n del Convenio Colectivo de Limpieza de Edificios y Locales de Araba llevada a cabo el pasado 1 de octubre.<\/p>\n","protected":false},"author":1189,"featured_media":38506,"comment_status":"closed","ping_status":"closed","sticky":false,"template":"","format":"standard","meta":{"_monsterinsights_skip_tracking":false,"_monsterinsights_sitenote_active":false,"_monsterinsights_sitenote_note":"","_monsterinsights_sitenote_category":0,"footnotes":"","_links_to":"","_links_to_target":""},"categories":[18,2944,8],"tags":[3033,3178,3172],"class_list":{"0":"post-38508","1":"post","2":"type-post","3":"status-publish","4":"format-standard","5":"has-post-thumbnail","7":"category-es-accion-sindical","8":"category-limpieza","9":"category-es-servicios-privados","10":"tag-accion-sindical-es","11":"tag-destacado-1","12":"tag-servicios-privados-es"},"_links":{"self":[{"href":"https:\/\/www.lab.eus\/es\/wp-json\/wp\/v2\/posts\/38508","targetHints":{"allow":["GET"]}}],"collection":[{"href":"https:\/\/www.lab.eus\/es\/wp-json\/wp\/v2\/posts"}],"about":[{"href":"https:\/\/www.lab.eus\/es\/wp-json\/wp\/v2\/types\/post"}],"author":[{"embeddable":true,"href":"https:\/\/www.lab.eus\/es\/wp-json\/wp\/v2\/users\/1189"}],"replies":[{"embeddable":true,"href":"https:\/\/www.lab.eus\/es\/wp-json\/wp\/v2\/comments?post=38508"}],"version-history":[{"count":0,"href":"https:\/\/www.lab.eus\/es\/wp-json\/wp\/v2\/posts\/38508\/revisions"}],"wp:featuredmedia":[{"embeddable":true,"href":"https:\/\/www.lab.eus\/es\/wp-json\/wp\/v2\/media\/38506"}],"wp:attachment":[{"href":"https:\/\/www.lab.eus\/es\/wp-json\/wp\/v2\/media?parent=38508"}],"wp:term":[{"taxonomy":"category","embeddable":true,"href":"https:\/\/www.lab.eus\/es\/wp-json\/wp\/v2\/categories?post=38508"},{"taxonomy":"post_tag","embeddable":true,"href":"https:\/\/www.lab.eus\/es\/wp-json\/wp\/v2\/tags?post=38508"}],"curies":[{"name":"wp","href":"https:\/\/api.w.org\/{rel}","templated":true}]}}