{"id":38331,"date":"2021-09-29T10:14:35","date_gmt":"2021-09-29T10:14:35","guid":{"rendered":"https:\/\/www.lab.eus\/?p=38331"},"modified":"2021-09-29T14:01:38","modified_gmt":"2021-09-29T14:01:38","slug":"garbine-aranburu-es-aqui-en-euskal-herria-donde-tenemos-que-hacer-posible-lo-que-no-es-posible-en-madrid","status":"publish","type":"post","link":"https:\/\/www.lab.eus\/es\/garbine-aranburu-es-aqui-en-euskal-herria-donde-tenemos-que-hacer-posible-lo-que-no-es-posible-en-madrid\/","title":{"rendered":"Garbi\u00f1e Aranburu: \u00abEs aqu\u00ed, en Euskal Herria, donde tenemos que hacer posible lo que no es posible en Madrid\u00bb"},"content":{"rendered":"\n<p>Tal y como se\u00f1alamos en la <a href=\"https:\/\/www.lab.eus\/es\/rechazamos-el-mito-del-crecimiento-indefinido-y-reivindicamos-el-triple-reparto\/\">presentaci\u00f3n del Programa Socioecon\u00f3mico<\/a>, es el momento de luchar por el empleo, las labores de cuidados y la distribuci\u00f3n de la riqueza, tanto a trav\u00e9s de las luchas en los centros de trabajo como de las movilizaciones de car\u00e1cter general. Para aportar en esta direcci\u00f3n, hemos realizado una movilizaci\u00f3n en Bilbo, entre la sede del Gobierno Vasco y la Torre Iberdrola. En el acto final, despu\u00e9s de que diferentes representantes de luchas abiertas hayan refrendado sus reivindicaciones, ha tomado la palabra la secretaria general de LAB, Garbi\u00f1e Aranburu.<\/p>\n\n\n\n<div class=\"wp-block-file\"><a href=\"https:\/\/www.lab.eus\/wp-content\/uploads\/2021\/09\/Garbine-hitzartzea.pdf\">Intervenci\u00f3n \u00edntegra de Garbi\u00f1e Aranburu<\/a><a href=\"https:\/\/www.lab.eus\/wp-content\/uploads\/2021\/09\/Garbine-hitzartzea.pdf\" class=\"wp-block-file__button\" download>Deskargatu<\/a><\/div>\n\n\n\n<p>Concretamente, ha subrayado que es hora de hacer una Huelga General desde y para Euskal Herria: \u00abEs aqu\u00ed, en Euskal Herria, donde tenemos que hacer posible lo que no es posible en Madrid. Luchemos en Euskal Herria para presionar al Gobierno Vasco y a Confebask, al Gobierno de Navarra y a la CEN, con el fin de que lleven a cabo decisiones y pol\u00edticas p\u00fablicas que redunden en beneficio de las y los trabajadores\u00bb.<\/p>\n\n\n\n<figure class=\"wp-block-embed is-type-video is-provider-youtube wp-block-embed-youtube wp-embed-aspect-16-9 wp-has-aspect-ratio\"><div class=\"wp-block-embed__wrapper\">\n<div class=\"youtube-embed\" data-video_id=\"6t50HfbhIzo\"><iframe loading=\"lazy\" title=\"Manifestazioa Bilbon, &quot;Burujabetza bizitza duinerako. Vamos hacia el Cambio&quot; leloarekin\" width=\"696\" height=\"392\" src=\"https:\/\/www.youtube.com\/embed\/6t50HfbhIzo?feature=oembed&#038;enablejsapi=1\" frameborder=\"0\" allow=\"accelerometer; autoplay; clipboard-write; encrypted-media; gyroscope; picture-in-picture\" allowfullscreen><\/iframe><\/div>\n<\/div><\/figure>\n\n\n\n<p>En palabras de Garbi\u00f1e Aranburu, \u00absobran razones para abrir un nuevo ciclo movilizador, sobran razones para una nueva Huelga General. Una huelga con la mirada puesta en Madrid, s\u00ed, una huelga con el claro objetivo de incidir en las decisiones de Madrid, s\u00ed, pero una huelga, sobre todo, desde y para Euskal Herria\u00bb.<\/p>\n\n\n\n<p>Vamos a la huelga con la seguridad de que el nuevo ciclo de movilizaciones que estamos abriendo va a dar resultados. \u00abVamos a Huelga para apoyar y dar un nuevo impulso a las luchas sindicales y sociales que tenemos abiertas, para crear nuevas condiciones para emprender m\u00e1s peleas en el futuro. La Huelga General tambi\u00e9n nos da la oportunidad de fomentar la colaboraci\u00f3n con otros movimientos populares; pensionistas, movimientos feministas, j\u00f3venes, movimientos en defensa de los derechos de las personas migrantes&#8230; Vamos a la Huelga con el fin de influir en Madrid y en Euskal Herria y enviar un aviso claro a la patronal y a los gobiernos dependientes de ella\u00bb, ha se\u00f1alado.<\/p>\n\n\n\n<figure class=\"wp-block-gallery columns-3 is-cropped wp-block-gallery-1 is-layout-flex wp-block-gallery-is-layout-flex\"><ul class=\"blocks-gallery-grid\"><li class=\"blocks-gallery-item\"><figure><img loading=\"lazy\" decoding=\"async\" width=\"1024\" height=\"682\" src=\"https:\/\/www.lab.eus\/wp-content\/uploads\/2021\/09\/26-1024x682.jpg\" alt=\"\" data-id=\"38391\" data-full-url=\"https:\/\/www.lab.eus\/wp-content\/uploads\/2021\/09\/26.jpg\" data-link=\"https:\/\/www.lab.eus\/es\/garbine-aranburu-es-aqui-en-euskal-herria-donde-tenemos-que-hacer-posible-lo-que-no-es-posible-en-madrid\/26-2\/\" class=\"wp-image-38391\" srcset=\"https:\/\/www.lab.eus\/wp-content\/uploads\/2021\/09\/26-1024x682.jpg 1024w, https:\/\/www.lab.eus\/wp-content\/uploads\/2021\/09\/26-300x200.jpg 300w, https:\/\/www.lab.eus\/wp-content\/uploads\/2021\/09\/26-768x512.jpg 768w, https:\/\/www.lab.eus\/wp-content\/uploads\/2021\/09\/26-150x100.jpg 150w, https:\/\/www.lab.eus\/wp-content\/uploads\/2021\/09\/26-696x464.jpg 696w, https:\/\/www.lab.eus\/wp-content\/uploads\/2021\/09\/26-1068x712.jpg 1068w, https:\/\/www.lab.eus\/wp-content\/uploads\/2021\/09\/26-630x420.jpg 630w, https:\/\/www.lab.eus\/wp-content\/uploads\/2021\/09\/26.jpg 1280w\" sizes=\"auto, (max-width: 1024px) 100vw, 1024px\" \/><\/figure><\/li><li class=\"blocks-gallery-item\"><figure><img loading=\"lazy\" decoding=\"async\" width=\"1024\" height=\"768\" src=\"https:\/\/www.lab.eus\/wp-content\/uploads\/2021\/09\/4-1-1024x768.jpeg\" alt=\"\" data-id=\"38342\" data-full-url=\"https:\/\/www.lab.eus\/wp-content\/uploads\/2021\/09\/4-1.jpeg\" data-link=\"https:\/\/www.lab.eus\/es\/garbine-aranburu-es-aqui-en-euskal-herria-donde-tenemos-que-hacer-posible-lo-que-no-es-posible-en-madrid\/4-1-2\/\" class=\"wp-image-38342\" srcset=\"https:\/\/www.lab.eus\/wp-content\/uploads\/2021\/09\/4-1-1024x768.jpeg 1024w, https:\/\/www.lab.eus\/wp-content\/uploads\/2021\/09\/4-1-300x225.jpeg 300w, https:\/\/www.lab.eus\/wp-content\/uploads\/2021\/09\/4-1-768x576.jpeg 768w, https:\/\/www.lab.eus\/wp-content\/uploads\/2021\/09\/4-1-150x113.jpeg 150w, https:\/\/www.lab.eus\/wp-content\/uploads\/2021\/09\/4-1-696x522.jpeg 696w, https:\/\/www.lab.eus\/wp-content\/uploads\/2021\/09\/4-1-1068x801.jpeg 1068w, https:\/\/www.lab.eus\/wp-content\/uploads\/2021\/09\/4-1-560x420.jpeg 560w, https:\/\/www.lab.eus\/wp-content\/uploads\/2021\/09\/4-1-80x60.jpeg 80w, https:\/\/www.lab.eus\/wp-content\/uploads\/2021\/09\/4-1-265x198.jpeg 265w, https:\/\/www.lab.eus\/wp-content\/uploads\/2021\/09\/4-1.jpeg 1280w\" sizes=\"auto, (max-width: 1024px) 100vw, 1024px\" \/><\/figure><\/li><li class=\"blocks-gallery-item\"><figure><img loading=\"lazy\" decoding=\"async\" width=\"1024\" height=\"623\" src=\"https:\/\/www.lab.eus\/wp-content\/uploads\/2021\/09\/6-1-1024x623.jpeg\" alt=\"\" data-id=\"38346\" data-full-url=\"https:\/\/www.lab.eus\/wp-content\/uploads\/2021\/09\/6-1.jpeg\" data-link=\"https:\/\/www.lab.eus\/es\/garbine-aranburu-es-aqui-en-euskal-herria-donde-tenemos-que-hacer-posible-lo-que-no-es-posible-en-madrid\/6-1-2\/\" class=\"wp-image-38346\" srcset=\"https:\/\/www.lab.eus\/wp-content\/uploads\/2021\/09\/6-1-1024x623.jpeg 1024w, https:\/\/www.lab.eus\/wp-content\/uploads\/2021\/09\/6-1-300x183.jpeg 300w, https:\/\/www.lab.eus\/wp-content\/uploads\/2021\/09\/6-1-768x468.jpeg 768w, https:\/\/www.lab.eus\/wp-content\/uploads\/2021\/09\/6-1-150x91.jpeg 150w, https:\/\/www.lab.eus\/wp-content\/uploads\/2021\/09\/6-1-696x424.jpeg 696w, https:\/\/www.lab.eus\/wp-content\/uploads\/2021\/09\/6-1-1068x650.jpeg 1068w, https:\/\/www.lab.eus\/wp-content\/uploads\/2021\/09\/6-1-690x420.jpeg 690w, https:\/\/www.lab.eus\/wp-content\/uploads\/2021\/09\/6-1.jpeg 1278w\" sizes=\"auto, (max-width: 1024px) 100vw, 1024px\" \/><\/figure><\/li><li class=\"blocks-gallery-item\"><figure><img loading=\"lazy\" decoding=\"async\" width=\"1024\" height=\"768\" src=\"https:\/\/www.lab.eus\/wp-content\/uploads\/2021\/09\/7-1-1024x768.jpeg\" alt=\"\" data-id=\"38348\" data-full-url=\"https:\/\/www.lab.eus\/wp-content\/uploads\/2021\/09\/7-1.jpeg\" data-link=\"https:\/\/www.lab.eus\/es\/garbine-aranburu-es-aqui-en-euskal-herria-donde-tenemos-que-hacer-posible-lo-que-no-es-posible-en-madrid\/7-1-2\/\" class=\"wp-image-38348\" srcset=\"https:\/\/www.lab.eus\/wp-content\/uploads\/2021\/09\/7-1-1024x768.jpeg 1024w, https:\/\/www.lab.eus\/wp-content\/uploads\/2021\/09\/7-1-300x225.jpeg 300w, https:\/\/www.lab.eus\/wp-content\/uploads\/2021\/09\/7-1-768x576.jpeg 768w, https:\/\/www.lab.eus\/wp-content\/uploads\/2021\/09\/7-1-150x113.jpeg 150w, https:\/\/www.lab.eus\/wp-content\/uploads\/2021\/09\/7-1-696x522.jpeg 696w, https:\/\/www.lab.eus\/wp-content\/uploads\/2021\/09\/7-1-1068x801.jpeg 1068w, https:\/\/www.lab.eus\/wp-content\/uploads\/2021\/09\/7-1-560x420.jpeg 560w, https:\/\/www.lab.eus\/wp-content\/uploads\/2021\/09\/7-1-80x60.jpeg 80w, https:\/\/www.lab.eus\/wp-content\/uploads\/2021\/09\/7-1-265x198.jpeg 265w, https:\/\/www.lab.eus\/wp-content\/uploads\/2021\/09\/7-1.jpeg 1280w\" sizes=\"auto, (max-width: 1024px) 100vw, 1024px\" \/><\/figure><\/li><li class=\"blocks-gallery-item\"><figure><img loading=\"lazy\" decoding=\"async\" width=\"1024\" height=\"768\" src=\"https:\/\/www.lab.eus\/wp-content\/uploads\/2021\/09\/8-1-1024x768.jpeg\" alt=\"\" data-id=\"38350\" data-full-url=\"https:\/\/www.lab.eus\/wp-content\/uploads\/2021\/09\/8-1.jpeg\" data-link=\"https:\/\/www.lab.eus\/es\/garbine-aranburu-es-aqui-en-euskal-herria-donde-tenemos-que-hacer-posible-lo-que-no-es-posible-en-madrid\/8-1-2\/\" class=\"wp-image-38350\" srcset=\"https:\/\/www.lab.eus\/wp-content\/uploads\/2021\/09\/8-1-1024x768.jpeg 1024w, https:\/\/www.lab.eus\/wp-content\/uploads\/2021\/09\/8-1-300x225.jpeg 300w, https:\/\/www.lab.eus\/wp-content\/uploads\/2021\/09\/8-1-768x576.jpeg 768w, https:\/\/www.lab.eus\/wp-content\/uploads\/2021\/09\/8-1-150x113.jpeg 150w, https:\/\/www.lab.eus\/wp-content\/uploads\/2021\/09\/8-1-696x522.jpeg 696w, https:\/\/www.lab.eus\/wp-content\/uploads\/2021\/09\/8-1-1068x801.jpeg 1068w, https:\/\/www.lab.eus\/wp-content\/uploads\/2021\/09\/8-1-560x420.jpeg 560w, https:\/\/www.lab.eus\/wp-content\/uploads\/2021\/09\/8-1-80x60.jpeg 80w, https:\/\/www.lab.eus\/wp-content\/uploads\/2021\/09\/8-1-265x198.jpeg 265w, https:\/\/www.lab.eus\/wp-content\/uploads\/2021\/09\/8-1.jpeg 1280w\" sizes=\"auto, (max-width: 1024px) 100vw, 1024px\" \/><\/figure><\/li><li class=\"blocks-gallery-item\"><figure><img loading=\"lazy\" decoding=\"async\" width=\"1024\" height=\"768\" src=\"https:\/\/www.lab.eus\/wp-content\/uploads\/2021\/09\/9-1-1024x768.jpeg\" alt=\"\" data-id=\"38352\" data-full-url=\"https:\/\/www.lab.eus\/wp-content\/uploads\/2021\/09\/9-1.jpeg\" data-link=\"https:\/\/www.lab.eus\/es\/garbine-aranburu-es-aqui-en-euskal-herria-donde-tenemos-que-hacer-posible-lo-que-no-es-posible-en-madrid\/9-1-2\/\" class=\"wp-image-38352\" srcset=\"https:\/\/www.lab.eus\/wp-content\/uploads\/2021\/09\/9-1-1024x768.jpeg 1024w, https:\/\/www.lab.eus\/wp-content\/uploads\/2021\/09\/9-1-300x225.jpeg 300w, https:\/\/www.lab.eus\/wp-content\/uploads\/2021\/09\/9-1-768x576.jpeg 768w, https:\/\/www.lab.eus\/wp-content\/uploads\/2021\/09\/9-1-150x113.jpeg 150w, https:\/\/www.lab.eus\/wp-content\/uploads\/2021\/09\/9-1-696x522.jpeg 696w, https:\/\/www.lab.eus\/wp-content\/uploads\/2021\/09\/9-1-1068x801.jpeg 1068w, https:\/\/www.lab.eus\/wp-content\/uploads\/2021\/09\/9-1-560x420.jpeg 560w, https:\/\/www.lab.eus\/wp-content\/uploads\/2021\/09\/9-1-80x60.jpeg 80w, https:\/\/www.lab.eus\/wp-content\/uploads\/2021\/09\/9-1-265x198.jpeg 265w, https:\/\/www.lab.eus\/wp-content\/uploads\/2021\/09\/9-1.jpeg 1280w\" sizes=\"auto, (max-width: 1024px) 100vw, 1024px\" \/><\/figure><\/li><li class=\"blocks-gallery-item\"><figure><img loading=\"lazy\" decoding=\"async\" width=\"1024\" height=\"768\" src=\"https:\/\/www.lab.eus\/wp-content\/uploads\/2021\/09\/10-1-1024x768.jpeg\" alt=\"\" data-id=\"38354\" data-full-url=\"https:\/\/www.lab.eus\/wp-content\/uploads\/2021\/09\/10-1.jpeg\" data-link=\"https:\/\/www.lab.eus\/es\/garbine-aranburu-es-aqui-en-euskal-herria-donde-tenemos-que-hacer-posible-lo-que-no-es-posible-en-madrid\/10-1-2\/\" class=\"wp-image-38354\" srcset=\"https:\/\/www.lab.eus\/wp-content\/uploads\/2021\/09\/10-1-1024x768.jpeg 1024w, https:\/\/www.lab.eus\/wp-content\/uploads\/2021\/09\/10-1-300x225.jpeg 300w, https:\/\/www.lab.eus\/wp-content\/uploads\/2021\/09\/10-1-768x576.jpeg 768w, https:\/\/www.lab.eus\/wp-content\/uploads\/2021\/09\/10-1-150x113.jpeg 150w, https:\/\/www.lab.eus\/wp-content\/uploads\/2021\/09\/10-1-696x522.jpeg 696w, https:\/\/www.lab.eus\/wp-content\/uploads\/2021\/09\/10-1-1068x801.jpeg 1068w, https:\/\/www.lab.eus\/wp-content\/uploads\/2021\/09\/10-1-560x420.jpeg 560w, https:\/\/www.lab.eus\/wp-content\/uploads\/2021\/09\/10-1-80x60.jpeg 80w, https:\/\/www.lab.eus\/wp-content\/uploads\/2021\/09\/10-1-265x198.jpeg 265w, https:\/\/www.lab.eus\/wp-content\/uploads\/2021\/09\/10-1.jpeg 1280w\" sizes=\"auto, (max-width: 1024px) 100vw, 1024px\" \/><\/figure><\/li><li class=\"blocks-gallery-item\"><figure><img loading=\"lazy\" decoding=\"async\" width=\"1024\" height=\"768\" src=\"https:\/\/www.lab.eus\/wp-content\/uploads\/2021\/09\/11-1-1024x768.jpeg\" alt=\"\" data-id=\"38356\" data-full-url=\"https:\/\/www.lab.eus\/wp-content\/uploads\/2021\/09\/11-1.jpeg\" data-link=\"https:\/\/www.lab.eus\/es\/garbine-aranburu-es-aqui-en-euskal-herria-donde-tenemos-que-hacer-posible-lo-que-no-es-posible-en-madrid\/11-1-2-2\/\" class=\"wp-image-38356\" srcset=\"https:\/\/www.lab.eus\/wp-content\/uploads\/2021\/09\/11-1-1024x768.jpeg 1024w, https:\/\/www.lab.eus\/wp-content\/uploads\/2021\/09\/11-1-300x225.jpeg 300w, https:\/\/www.lab.eus\/wp-content\/uploads\/2021\/09\/11-1-768x576.jpeg 768w, https:\/\/www.lab.eus\/wp-content\/uploads\/2021\/09\/11-1-150x113.jpeg 150w, https:\/\/www.lab.eus\/wp-content\/uploads\/2021\/09\/11-1-696x522.jpeg 696w, https:\/\/www.lab.eus\/wp-content\/uploads\/2021\/09\/11-1-1068x801.jpeg 1068w, https:\/\/www.lab.eus\/wp-content\/uploads\/2021\/09\/11-1-560x420.jpeg 560w, https:\/\/www.lab.eus\/wp-content\/uploads\/2021\/09\/11-1-80x60.jpeg 80w, https:\/\/www.lab.eus\/wp-content\/uploads\/2021\/09\/11-1-265x198.jpeg 265w, https:\/\/www.lab.eus\/wp-content\/uploads\/2021\/09\/11-1.jpeg 1280w\" sizes=\"auto, (max-width: 1024px) 100vw, 1024px\" \/><\/figure><\/li><li class=\"blocks-gallery-item\"><figure><img loading=\"lazy\" decoding=\"async\" width=\"1024\" height=\"768\" src=\"https:\/\/www.lab.eus\/wp-content\/uploads\/2021\/09\/12-1024x768.jpeg\" alt=\"\" data-id=\"38358\" data-full-url=\"https:\/\/www.lab.eus\/wp-content\/uploads\/2021\/09\/12.jpeg\" data-link=\"https:\/\/www.lab.eus\/es\/garbine-aranburu-es-aqui-en-euskal-herria-donde-tenemos-que-hacer-posible-lo-que-no-es-posible-en-madrid\/12-2\/\" class=\"wp-image-38358\" srcset=\"https:\/\/www.lab.eus\/wp-content\/uploads\/2021\/09\/12-1024x768.jpeg 1024w, https:\/\/www.lab.eus\/wp-content\/uploads\/2021\/09\/12-300x225.jpeg 300w, https:\/\/www.lab.eus\/wp-content\/uploads\/2021\/09\/12-768x576.jpeg 768w, https:\/\/www.lab.eus\/wp-content\/uploads\/2021\/09\/12-150x113.jpeg 150w, https:\/\/www.lab.eus\/wp-content\/uploads\/2021\/09\/12-696x522.jpeg 696w, https:\/\/www.lab.eus\/wp-content\/uploads\/2021\/09\/12-1068x801.jpeg 1068w, https:\/\/www.lab.eus\/wp-content\/uploads\/2021\/09\/12-560x420.jpeg 560w, https:\/\/www.lab.eus\/wp-content\/uploads\/2021\/09\/12-80x60.jpeg 80w, https:\/\/www.lab.eus\/wp-content\/uploads\/2021\/09\/12-265x198.jpeg 265w, https:\/\/www.lab.eus\/wp-content\/uploads\/2021\/09\/12.jpeg 1280w\" sizes=\"auto, (max-width: 1024px) 100vw, 1024px\" \/><\/figure><\/li><li class=\"blocks-gallery-item\"><figure><img loading=\"lazy\" decoding=\"async\" width=\"1024\" height=\"589\" src=\"https:\/\/www.lab.eus\/wp-content\/uploads\/2021\/09\/13-1-1024x589.jpeg\" alt=\"\" data-id=\"38360\" data-full-url=\"https:\/\/www.lab.eus\/wp-content\/uploads\/2021\/09\/13-1.jpeg\" data-link=\"https:\/\/www.lab.eus\/es\/garbine-aranburu-es-aqui-en-euskal-herria-donde-tenemos-que-hacer-posible-lo-que-no-es-posible-en-madrid\/13-1-2\/\" class=\"wp-image-38360\" srcset=\"https:\/\/www.lab.eus\/wp-content\/uploads\/2021\/09\/13-1-1024x589.jpeg 1024w, https:\/\/www.lab.eus\/wp-content\/uploads\/2021\/09\/13-1-300x173.jpeg 300w, https:\/\/www.lab.eus\/wp-content\/uploads\/2021\/09\/13-1-768x442.jpeg 768w, https:\/\/www.lab.eus\/wp-content\/uploads\/2021\/09\/13-1-150x86.jpeg 150w, https:\/\/www.lab.eus\/wp-content\/uploads\/2021\/09\/13-1-696x400.jpeg 696w, https:\/\/www.lab.eus\/wp-content\/uploads\/2021\/09\/13-1-1068x614.jpeg 1068w, https:\/\/www.lab.eus\/wp-content\/uploads\/2021\/09\/13-1-730x420.jpeg 730w, https:\/\/www.lab.eus\/wp-content\/uploads\/2021\/09\/13-1.jpeg 1280w\" sizes=\"auto, (max-width: 1024px) 100vw, 1024px\" \/><\/figure><\/li><li class=\"blocks-gallery-item\"><figure><img loading=\"lazy\" decoding=\"async\" width=\"1024\" height=\"473\" src=\"https:\/\/www.lab.eus\/wp-content\/uploads\/2021\/09\/14-1-1024x473.jpeg\" alt=\"\" data-id=\"38362\" data-full-url=\"https:\/\/www.lab.eus\/wp-content\/uploads\/2021\/09\/14-1.jpeg\" data-link=\"https:\/\/www.lab.eus\/es\/garbine-aranburu-es-aqui-en-euskal-herria-donde-tenemos-que-hacer-posible-lo-que-no-es-posible-en-madrid\/14-1-2\/\" class=\"wp-image-38362\" srcset=\"https:\/\/www.lab.eus\/wp-content\/uploads\/2021\/09\/14-1-1024x473.jpeg 1024w, https:\/\/www.lab.eus\/wp-content\/uploads\/2021\/09\/14-1-300x139.jpeg 300w, https:\/\/www.lab.eus\/wp-content\/uploads\/2021\/09\/14-1-768x355.jpeg 768w, https:\/\/www.lab.eus\/wp-content\/uploads\/2021\/09\/14-1-150x69.jpeg 150w, https:\/\/www.lab.eus\/wp-content\/uploads\/2021\/09\/14-1-696x321.jpeg 696w, https:\/\/www.lab.eus\/wp-content\/uploads\/2021\/09\/14-1-1068x493.jpeg 1068w, https:\/\/www.lab.eus\/wp-content\/uploads\/2021\/09\/14-1-910x420.jpeg 910w, https:\/\/www.lab.eus\/wp-content\/uploads\/2021\/09\/14-1.jpeg 1280w\" sizes=\"auto, (max-width: 1024px) 100vw, 1024px\" \/><\/figure><\/li><li class=\"blocks-gallery-item\"><figure><img loading=\"lazy\" decoding=\"async\" width=\"1024\" height=\"473\" src=\"https:\/\/www.lab.eus\/wp-content\/uploads\/2021\/09\/15-1-1024x473.jpeg\" alt=\"\" data-id=\"38364\" data-full-url=\"https:\/\/www.lab.eus\/wp-content\/uploads\/2021\/09\/15-1.jpeg\" data-link=\"https:\/\/www.lab.eus\/es\/garbine-aranburu-es-aqui-en-euskal-herria-donde-tenemos-que-hacer-posible-lo-que-no-es-posible-en-madrid\/15-1-2\/\" class=\"wp-image-38364\" srcset=\"https:\/\/www.lab.eus\/wp-content\/uploads\/2021\/09\/15-1-1024x473.jpeg 1024w, https:\/\/www.lab.eus\/wp-content\/uploads\/2021\/09\/15-1-300x139.jpeg 300w, https:\/\/www.lab.eus\/wp-content\/uploads\/2021\/09\/15-1-768x355.jpeg 768w, https:\/\/www.lab.eus\/wp-content\/uploads\/2021\/09\/15-1-150x69.jpeg 150w, https:\/\/www.lab.eus\/wp-content\/uploads\/2021\/09\/15-1-696x321.jpeg 696w, https:\/\/www.lab.eus\/wp-content\/uploads\/2021\/09\/15-1-1068x493.jpeg 1068w, https:\/\/www.lab.eus\/wp-content\/uploads\/2021\/09\/15-1-910x420.jpeg 910w, https:\/\/www.lab.eus\/wp-content\/uploads\/2021\/09\/15-1.jpeg 1280w\" sizes=\"auto, (max-width: 1024px) 100vw, 1024px\" \/><\/figure><\/li><li class=\"blocks-gallery-item\"><figure><img loading=\"lazy\" decoding=\"async\" width=\"1024\" height=\"682\" src=\"https:\/\/www.lab.eus\/wp-content\/uploads\/2021\/09\/20-1024x682.jpg\" alt=\"\" data-id=\"38371\" data-full-url=\"https:\/\/www.lab.eus\/wp-content\/uploads\/2021\/09\/20.jpg\" data-link=\"https:\/\/www.lab.eus\/es\/garbine-aranburu-es-aqui-en-euskal-herria-donde-tenemos-que-hacer-posible-lo-que-no-es-posible-en-madrid\/attachment\/20\/\" class=\"wp-image-38371\" srcset=\"https:\/\/www.lab.eus\/wp-content\/uploads\/2021\/09\/20-1024x682.jpg 1024w, https:\/\/www.lab.eus\/wp-content\/uploads\/2021\/09\/20-300x200.jpg 300w, https:\/\/www.lab.eus\/wp-content\/uploads\/2021\/09\/20-768x512.jpg 768w, https:\/\/www.lab.eus\/wp-content\/uploads\/2021\/09\/20-150x100.jpg 150w, https:\/\/www.lab.eus\/wp-content\/uploads\/2021\/09\/20-696x464.jpg 696w, https:\/\/www.lab.eus\/wp-content\/uploads\/2021\/09\/20-1068x712.jpg 1068w, https:\/\/www.lab.eus\/wp-content\/uploads\/2021\/09\/20-630x420.jpg 630w, https:\/\/www.lab.eus\/wp-content\/uploads\/2021\/09\/20.jpg 1280w\" sizes=\"auto, (max-width: 1024px) 100vw, 1024px\" \/><\/figure><\/li><li class=\"blocks-gallery-item\"><figure><img loading=\"lazy\" decoding=\"async\" width=\"683\" height=\"1024\" src=\"https:\/\/www.lab.eus\/wp-content\/uploads\/2021\/09\/21.jpg\" alt=\"\" data-id=\"38373\" data-full-url=\"https:\/\/www.lab.eus\/wp-content\/uploads\/2021\/09\/21.jpg\" data-link=\"https:\/\/www.lab.eus\/es\/garbine-aranburu-es-aqui-en-euskal-herria-donde-tenemos-que-hacer-posible-lo-que-no-es-posible-en-madrid\/attachment\/21\/\" class=\"wp-image-38373\" srcset=\"https:\/\/www.lab.eus\/wp-content\/uploads\/2021\/09\/21.jpg 683w, https:\/\/www.lab.eus\/wp-content\/uploads\/2021\/09\/21-200x300.jpg 200w, https:\/\/www.lab.eus\/wp-content\/uploads\/2021\/09\/21-150x225.jpg 150w, https:\/\/www.lab.eus\/wp-content\/uploads\/2021\/09\/21-300x450.jpg 300w, https:\/\/www.lab.eus\/wp-content\/uploads\/2021\/09\/21-280x420.jpg 280w\" sizes=\"auto, (max-width: 683px) 100vw, 683px\" \/><\/figure><\/li><li class=\"blocks-gallery-item\"><figure><img loading=\"lazy\" decoding=\"async\" width=\"683\" height=\"1024\" src=\"https:\/\/www.lab.eus\/wp-content\/uploads\/2021\/09\/22.jpg\" alt=\"\" data-id=\"38375\" data-full-url=\"https:\/\/www.lab.eus\/wp-content\/uploads\/2021\/09\/22.jpg\" data-link=\"https:\/\/www.lab.eus\/es\/garbine-aranburu-es-aqui-en-euskal-herria-donde-tenemos-que-hacer-posible-lo-que-no-es-posible-en-madrid\/attachment\/22\/\" class=\"wp-image-38375\" srcset=\"https:\/\/www.lab.eus\/wp-content\/uploads\/2021\/09\/22.jpg 683w, https:\/\/www.lab.eus\/wp-content\/uploads\/2021\/09\/22-200x300.jpg 200w, https:\/\/www.lab.eus\/wp-content\/uploads\/2021\/09\/22-150x225.jpg 150w, https:\/\/www.lab.eus\/wp-content\/uploads\/2021\/09\/22-300x450.jpg 300w, https:\/\/www.lab.eus\/wp-content\/uploads\/2021\/09\/22-280x420.jpg 280w\" sizes=\"auto, (max-width: 683px) 100vw, 683px\" \/><\/figure><\/li><li class=\"blocks-gallery-item\"><figure><img loading=\"lazy\" decoding=\"async\" width=\"1024\" height=\"768\" src=\"https:\/\/www.lab.eus\/wp-content\/uploads\/2021\/09\/Ekitaldia-2-1024x768.jpeg\" alt=\"\" data-id=\"38398\" data-full-url=\"https:\/\/www.lab.eus\/wp-content\/uploads\/2021\/09\/Ekitaldia-2.jpeg\" data-link=\"https:\/\/www.lab.eus\/es\/garbine-aranburu-es-aqui-en-euskal-herria-donde-tenemos-que-hacer-posible-lo-que-no-es-posible-en-madrid\/ekitaldia-2-2\/\" class=\"wp-image-38398\" srcset=\"https:\/\/www.lab.eus\/wp-content\/uploads\/2021\/09\/Ekitaldia-2-1024x768.jpeg 1024w, https:\/\/www.lab.eus\/wp-content\/uploads\/2021\/09\/Ekitaldia-2-300x225.jpeg 300w, https:\/\/www.lab.eus\/wp-content\/uploads\/2021\/09\/Ekitaldia-2-768x576.jpeg 768w, https:\/\/www.lab.eus\/wp-content\/uploads\/2021\/09\/Ekitaldia-2-150x113.jpeg 150w, https:\/\/www.lab.eus\/wp-content\/uploads\/2021\/09\/Ekitaldia-2-696x522.jpeg 696w, https:\/\/www.lab.eus\/wp-content\/uploads\/2021\/09\/Ekitaldia-2-1068x801.jpeg 1068w, https:\/\/www.lab.eus\/wp-content\/uploads\/2021\/09\/Ekitaldia-2-560x420.jpeg 560w, https:\/\/www.lab.eus\/wp-content\/uploads\/2021\/09\/Ekitaldia-2-80x60.jpeg 80w, https:\/\/www.lab.eus\/wp-content\/uploads\/2021\/09\/Ekitaldia-2-265x198.jpeg 265w, https:\/\/www.lab.eus\/wp-content\/uploads\/2021\/09\/Ekitaldia-2.jpeg 1280w\" sizes=\"auto, (max-width: 1024px) 100vw, 1024px\" \/><\/figure><\/li><\/ul><\/figure>\n","protected":false},"excerpt":{"rendered":"<p>Nos hemos manifestado en Bilbo, entre la sede del Gobierno Vasco y la Torre Iberdrola. En el acto de final de la movilizaci\u00f3n, la secretaria general de LAB, Garbi\u00f1e Aranburu, ha subrayado que es hora de llevar a cabo una Huelga General desde y para Euskal Herria: \u00abNos vamos a la huelga para dar un nuevo impulso a las luchas sindicales y sociales que tenemos abiertas, para crear nuevas condiciones para emprender m\u00e1s luchas en el futuro\u00bb.<\/p>\n","protected":false},"author":1189,"featured_media":38402,"comment_status":"closed","ping_status":"closed","sticky":false,"template":"","format":"standard","meta":{"_monsterinsights_skip_tracking":false,"_monsterinsights_sitenote_active":false,"_monsterinsights_sitenote_note":"","_monsterinsights_sitenote_category":0,"footnotes":"","_links_to":"","_links_to_target":""},"categories":[3402,18,2994,3283,11],"tags":[3033,3182,3178,3277,3260],"class_list":{"0":"post-38331","1":"post","2":"type-post","3":"status-publish","4":"format-standard","5":"has-post-thumbnail","7":"category-accion-politica","8":"category-es-accion-sindical","9":"category-accion-social","10":"category-sin-categorizar","11":"category-es-sindicato-lab","12":"tag-accion-sindical-es","13":"tag-accion-social-es","14":"tag-destacado-1","15":"tag-garbine-aranburu-es","16":"tag-sindicato-lab-es"},"_links":{"self":[{"href":"https:\/\/www.lab.eus\/es\/wp-json\/wp\/v2\/posts\/38331","targetHints":{"allow":["GET"]}}],"collection":[{"href":"https:\/\/www.lab.eus\/es\/wp-json\/wp\/v2\/posts"}],"about":[{"href":"https:\/\/www.lab.eus\/es\/wp-json\/wp\/v2\/types\/post"}],"author":[{"embeddable":true,"href":"https:\/\/www.lab.eus\/es\/wp-json\/wp\/v2\/users\/1189"}],"replies":[{"embeddable":true,"href":"https:\/\/www.lab.eus\/es\/wp-json\/wp\/v2\/comments?post=38331"}],"version-history":[{"count":0,"href":"https:\/\/www.lab.eus\/es\/wp-json\/wp\/v2\/posts\/38331\/revisions"}],"wp:featuredmedia":[{"embeddable":true,"href":"https:\/\/www.lab.eus\/es\/wp-json\/wp\/v2\/media\/38402"}],"wp:attachment":[{"href":"https:\/\/www.lab.eus\/es\/wp-json\/wp\/v2\/media?parent=38331"}],"wp:term":[{"taxonomy":"category","embeddable":true,"href":"https:\/\/www.lab.eus\/es\/wp-json\/wp\/v2\/categories?post=38331"},{"taxonomy":"post_tag","embeddable":true,"href":"https:\/\/www.lab.eus\/es\/wp-json\/wp\/v2\/tags?post=38331"}],"curies":[{"name":"wp","href":"https:\/\/api.w.org\/{rel}","templated":true}]}}