{"id":38317,"date":"2021-09-28T12:37:47","date_gmt":"2021-09-28T12:37:47","guid":{"rendered":"https:\/\/www.lab.eus\/?p=38317"},"modified":"2021-09-28T12:37:49","modified_gmt":"2021-09-28T12:37:49","slug":"apoyamos-la-marcha-a-bruselas-del-movimiento-de-pensionistas","status":"publish","type":"post","link":"https:\/\/www.lab.eus\/es\/apoyamos-la-marcha-a-bruselas-del-movimiento-de-pensionistas\/","title":{"rendered":"Apoyamos la marcha a Bruselas del movimiento de pensionistas"},"content":{"rendered":"\n<p>Desde LAB queremos saludar la marcha que el Movimiento de Pensionistas de Hego Euskal Herria, junto con otras organizaciones del Estado, est\u00e1 realizando a Bruselas. En dicho viaje se van a reunir con la Comisi\u00f3n de Empleo y Pol\u00edtica Social y diferentes europarlamentarios, trasladando las reivindicaciones que miles de pensionistas siguen defendiendo todas las semanas en la calles de Euskal Herria. Este viernes, 1 de octubre, miles y miles de pensionistas saldr\u00e1n a la calle de nuevo.<\/p>\n\n\n\n<p>Es importante incrementar las movilizaciones y caminar hacia una confluencia de reivindicaciones. En ese sentido, la determinaci\u00f3n de LAB es clara; seguir impulsando las luchas en los centros de trabajo y en la calle con el horizonte puesto en la huelga general que nos permita avanzar como clase trabajadora.<\/p>\n","protected":false},"excerpt":{"rendered":"<p>Se van a reunir con la Comisi\u00f3n de Empleo y Pol\u00edtica Social y diferentes europarlamentarios, trasladando las reivindicaciones que miles de pensionistas siguen defendiendo todas las semanas en la calles de Euskal Herria.<\/p>\n","protected":false},"author":1189,"featured_media":35489,"comment_status":"closed","ping_status":"closed","sticky":false,"template":"","format":"standard","meta":{"_monsterinsights_skip_tracking":false,"_monsterinsights_sitenote_active":false,"_monsterinsights_sitenote_note":"","_monsterinsights_sitenote_category":0,"footnotes":"","_links_to":"","_links_to_target":""},"categories":[2994,22,2919,3283],"tags":[3182,3178,3202],"class_list":{"0":"post-38317","1":"post","2":"type-post","3":"status-publish","4":"format-standard","5":"has-post-thumbnail","7":"category-accion-social","8":"category-es-pensionistas","9":"category-reforma-de-las-pensiones","10":"category-sin-categorizar","11":"tag-accion-social-es","12":"tag-destacado-1","13":"tag-pensiones"},"_links":{"self":[{"href":"https:\/\/www.lab.eus\/es\/wp-json\/wp\/v2\/posts\/38317","targetHints":{"allow":["GET"]}}],"collection":[{"href":"https:\/\/www.lab.eus\/es\/wp-json\/wp\/v2\/posts"}],"about":[{"href":"https:\/\/www.lab.eus\/es\/wp-json\/wp\/v2\/types\/post"}],"author":[{"embeddable":true,"href":"https:\/\/www.lab.eus\/es\/wp-json\/wp\/v2\/users\/1189"}],"replies":[{"embeddable":true,"href":"https:\/\/www.lab.eus\/es\/wp-json\/wp\/v2\/comments?post=38317"}],"version-history":[{"count":0,"href":"https:\/\/www.lab.eus\/es\/wp-json\/wp\/v2\/posts\/38317\/revisions"}],"wp:featuredmedia":[{"embeddable":true,"href":"https:\/\/www.lab.eus\/es\/wp-json\/wp\/v2\/media\/35489"}],"wp:attachment":[{"href":"https:\/\/www.lab.eus\/es\/wp-json\/wp\/v2\/media?parent=38317"}],"wp:term":[{"taxonomy":"category","embeddable":true,"href":"https:\/\/www.lab.eus\/es\/wp-json\/wp\/v2\/categories?post=38317"},{"taxonomy":"post_tag","embeddable":true,"href":"https:\/\/www.lab.eus\/es\/wp-json\/wp\/v2\/tags?post=38317"}],"curies":[{"name":"wp","href":"https:\/\/api.w.org\/{rel}","templated":true}]}}