{"id":38303,"date":"2021-09-28T08:11:51","date_gmt":"2021-09-28T08:11:51","guid":{"rendered":"https:\/\/www.lab.eus\/?p=38303"},"modified":"2021-09-28T08:11:52","modified_gmt":"2021-09-28T08:11:52","slug":"vamos-a-proponer-movilizaciones-paros-y-huelgas-en-el-metal-de-araba-para-conseguir-unas-condiciones-laborales-dignas","status":"publish","type":"post","link":"https:\/\/www.lab.eus\/es\/vamos-a-proponer-movilizaciones-paros-y-huelgas-en-el-metal-de-araba-para-conseguir-unas-condiciones-laborales-dignas\/","title":{"rendered":"Vamos a proponer movilizaciones, paros y huelgas en el Metal de Araba para conseguir unas condiciones laborales dignas"},"content":{"rendered":"\n<p>LAB ha analizado la situaci\u00f3n en el Metal de Araba y ha llegado a una conclusi\u00f3n clara: es imprescindible pasar a una fase de lucha. Por ello, trasladaremos este planteamiento al resto de sindicatos: consensuadas unas bases comunes, llamar a la lucha a los trabajadores y trabajadoras del Metal de Araba; es decir, convocar movilizaciones, paros y huelgas con el objetivo de conseguir unas condiciones laborales dignas en el sector.<\/p>\n\n\n\n<p>Para LAB, es evidente que el Metal de Araba tiene muchos problemas y que la patronal SEA no quiere hacerles frente: ofrece escasos incrementos para aumentar los bajos salarios, no quiere rebajar de ninguna manera la larga jornada laboral (la m\u00e1s larga de Euskal Herria), no plantea nada contra el fraude de la contrataci\u00f3n, nada para rebajar la temporalidad, no acepta la subrogaci\u00f3n para hacer frente a la precariedad en las subcontratas, menosprecia la igualdad real entre mujeres y hombres, tampoco tiene respuesta para evitar accidentes de trabajo, no quiere oir hablar de no perder salario por estar de baja, ni de facilitar la conciliaci\u00f3n y la corresponsabilidad, no quiere impulsar el contrato relevo para renovar las plantillas&#8230;<\/p>\n\n\n\n<p>As\u00ed, la patronal apenas se ha movido en tres a\u00f1os, tiene secuestrada la negociaci\u00f3n y lo \u00fanico que hace es dejar pasar el tiempo.<\/p>\n\n\n\n<p>Ante esto, LAB ha decidido que no podemos seguir as\u00ed. En la asamblea que hemos celebrado las y los trabajadores del Metal, la militancia de LAB ha aprobado la nueva propuesta del sindicato: acordar unas bases con el resto de sindicatos para iniciar una din\u00e1mica de lucha com\u00fan. Seg\u00fan LAB, en esta din\u00e1mica de lucha se tendr\u00eda que convocar a los trabajadores y trabajadoras del sector a movilizaciones, paros y huelgas con el objetivo de dignificar las condiciones laborales.<\/p>\n\n\n\n<p>Esta propuesta ser\u00e1 trasladada por LAB al resto de sindicatos en los pr\u00f3ximos d\u00edas con una convicci\u00f3n clara: solo con la movilizaci\u00f3n y activaci\u00f3n de las y los trabajadores conseguiremos un convenio digno que responda a los problemas del sector. Las condiciones laborales dignas no vendr\u00e1n del cielo, sino de la lucha de los trabajadores y trabajadoras. Eso es precisamente lo que va a impulsar LAB.<\/p>\n\n\n\n<p>Por todo ello, esperamos que la lucha com\u00fan en el Metal de Araba pueda ser una realidad lo antes posible.<\/p>\n\n\n\n<figure class=\"wp-block-gallery columns-1 is-cropped wp-block-gallery-1 is-layout-flex wp-block-gallery-is-layout-flex\"><ul class=\"blocks-gallery-grid\"><li class=\"blocks-gallery-item\"><figure><img loading=\"lazy\" decoding=\"async\" width=\"1024\" height=\"516\" src=\"https:\/\/www.lab.eus\/wp-content\/uploads\/2021\/09\/Metalgintza2-1-1024x516.jpeg\" alt=\"\" data-id=\"38304\" data-full-url=\"https:\/\/www.lab.eus\/wp-content\/uploads\/2021\/09\/Metalgintza2-1.jpeg\" data-link=\"https:\/\/www.lab.eus\/es\/?attachment_id=38304\" class=\"wp-image-38304\" srcset=\"https:\/\/www.lab.eus\/wp-content\/uploads\/2021\/09\/Metalgintza2-1-1024x516.jpeg 1024w, https:\/\/www.lab.eus\/wp-content\/uploads\/2021\/09\/Metalgintza2-1-300x151.jpeg 300w, https:\/\/www.lab.eus\/wp-content\/uploads\/2021\/09\/Metalgintza2-1-768x387.jpeg 768w, https:\/\/www.lab.eus\/wp-content\/uploads\/2021\/09\/Metalgintza2-1-150x76.jpeg 150w, https:\/\/www.lab.eus\/wp-content\/uploads\/2021\/09\/Metalgintza2-1-696x351.jpeg 696w, https:\/\/www.lab.eus\/wp-content\/uploads\/2021\/09\/Metalgintza2-1-1068x538.jpeg 1068w, https:\/\/www.lab.eus\/wp-content\/uploads\/2021\/09\/Metalgintza2-1-833x420.jpeg 833w, https:\/\/www.lab.eus\/wp-content\/uploads\/2021\/09\/Metalgintza2-1.jpeg 1280w\" sizes=\"auto, (max-width: 1024px) 100vw, 1024px\" \/><\/figure><\/li><\/ul><\/figure>\n","protected":false},"excerpt":{"rendered":"<p>Hemos analizado la situaci\u00f3n en el Metal de Araba y hemos llegado a una conclusi\u00f3n clara: es imprescindible pasar a una fase de lucha. Por ello, trasladaremos este planteamiento al resto de sindicatos: consensuadas unas bases comunes, llamar a la lucha a los trabajadores y trabajadoras del Metal de Araba.<\/p>\n","protected":false},"author":1189,"featured_media":38299,"comment_status":"closed","ping_status":"closed","sticky":false,"template":"","format":"standard","meta":{"_monsterinsights_skip_tracking":false,"_monsterinsights_sitenote_active":false,"_monsterinsights_sitenote_note":"","_monsterinsights_sitenote_category":0,"footnotes":"","_links_to":"","_links_to_target":""},"categories":[18,2868,108],"tags":[3033,3178,2996,3064],"class_list":{"0":"post-38303","1":"post","2":"type-post","3":"status-publish","4":"format-standard","5":"has-post-thumbnail","7":"category-es-accion-sindical","8":"category-industria-es","9":"category-es-metal","10":"tag-accion-sindical-es","11":"tag-destacado-1","12":"tag-industria-es","13":"tag-metal-es"},"_links":{"self":[{"href":"https:\/\/www.lab.eus\/es\/wp-json\/wp\/v2\/posts\/38303","targetHints":{"allow":["GET"]}}],"collection":[{"href":"https:\/\/www.lab.eus\/es\/wp-json\/wp\/v2\/posts"}],"about":[{"href":"https:\/\/www.lab.eus\/es\/wp-json\/wp\/v2\/types\/post"}],"author":[{"embeddable":true,"href":"https:\/\/www.lab.eus\/es\/wp-json\/wp\/v2\/users\/1189"}],"replies":[{"embeddable":true,"href":"https:\/\/www.lab.eus\/es\/wp-json\/wp\/v2\/comments?post=38303"}],"version-history":[{"count":0,"href":"https:\/\/www.lab.eus\/es\/wp-json\/wp\/v2\/posts\/38303\/revisions"}],"wp:featuredmedia":[{"embeddable":true,"href":"https:\/\/www.lab.eus\/es\/wp-json\/wp\/v2\/media\/38299"}],"wp:attachment":[{"href":"https:\/\/www.lab.eus\/es\/wp-json\/wp\/v2\/media?parent=38303"}],"wp:term":[{"taxonomy":"category","embeddable":true,"href":"https:\/\/www.lab.eus\/es\/wp-json\/wp\/v2\/categories?post=38303"},{"taxonomy":"post_tag","embeddable":true,"href":"https:\/\/www.lab.eus\/es\/wp-json\/wp\/v2\/tags?post=38303"}],"curies":[{"name":"wp","href":"https:\/\/api.w.org\/{rel}","templated":true}]}}