{"id":38292,"date":"2021-09-27T14:52:55","date_gmt":"2021-09-27T14:52:55","guid":{"rendered":"https:\/\/www.lab.eus\/?p=38292"},"modified":"2021-09-27T14:52:56","modified_gmt":"2021-09-27T14:52:56","slug":"cuando-va-a-dejar-la-direccion-de-pcb-de-vulnerar-los-derechos-y-legislaciones-laborales-existentes","status":"publish","type":"post","link":"https:\/\/www.lab.eus\/es\/cuando-va-a-dejar-la-direccion-de-pcb-de-vulnerar-los-derechos-y-legislaciones-laborales-existentes\/","title":{"rendered":"\u00bfCu\u00e1ndo va a dejar la direcci\u00f3n de PCB de vulnerar los derechos y legislaciones laborales existentes?"},"content":{"rendered":"\n<p>El juzgado de lo Social ha dado la raz\u00f3n al recurso presentado por LAB, ELA y CCOO y ha declarado nulo el ERTE de PCB, por cuarta vez.&nbsp;<\/p>\n\n\n\n<p>Desde el sindicato LAB queremos valorar la sentencia de la sala de lo Social de manera muy positiva. No podemos separar esta sentencia de las tres anteriores que tambi\u00e9n hemos ganado: victoria contra el primer ERTE en primera instancia, victoria en el recurso del mismo ante el TSJPV, victoria en primera instancia del ERE (actualmente recurrido por la empresa) y ahora esta ultima victoria de otro ERTE.<\/p>\n\n\n\n<p>Ante esto tenemos ciertas afirmaciones y preguntas:<\/p>\n\n\n\n<p>\u00bfA qu\u00e9 espera la direcci\u00f3n de la empresa para sentarse a solucionar el largo conflicto que est\u00e1 padeciendo la plantilla? \u00bfCu\u00e1ndo van a dejar de vulnerar todos los derechos y legislaciones laborales existentes? \u00bfCu\u00e1ntas sentencias en contra est\u00e1n dispuestos a seguir coleccionando?<\/p>\n\n\n\n<p>La actual cerraz\u00f3n por parte de la empresa lo \u00fanico que est\u00e1 consiguiendo es poner en riesgo la estabilidad laboral de la plantilla de las dos factor\u00edas de PCB-ITP.<\/p>\n\n\n\n<p>Por todo ello, exigimos a la empresa que retire el recurso que tiene interpuesto contra la sentencia del ERE, y que acate esta ultima sentencia en contra del ERTE, y no presente recurso. Y as\u00ed, de una vez, tener una posibilidad de reconducir la situaci\u00f3n.<\/p>\n\n\n\n<p>Queremos trasladar tambi\u00e9n, que si no sucede esto, desde LAB seguiremos luchando sin descanso contra todas las agresiones que cometan, hasta conseguir que desistan de sus intereses abusivos e ilegales, sin descanso y con mas intensidad si cabe.<\/p>\n\n\n\n<p>Tambi\u00e9n queremos denunciar p\u00fablicamente la lamentable actuaci\u00f3n que ha tenido el Gobierno Vasco durante todo este conflicto laboral. Se han posicionado de manera clara y firme a favor de la empresa y sus medidas desproporcionadas, injustas e ilegales, realizando declaraciones mas propias de CONFEBASK que del Gobierno Vasco.<\/p>\n\n\n\n<p>Este \u00faltimo fin de semana hemos escuchado por boca del propio lehendakari Urkullu su preocupaci\u00f3n por la venta de ITP al fondo de inversi\u00f3n BAIN, preocupaci\u00f3n porque el centro de decisi\u00f3n no permanezca en la CAV, preocupaci\u00f3n por la posible falta de un proyecto industrial s\u00f3lido y, t\u00edmidamente, el lehendakari Urkullu ha hablado de \u201ccompromiso con el empleo\u201d. Pues bien, creemos que es hora de que el Gobierno Vasco y el lehendakari Urkullu exijan al futuro comprador que las personas que fueron despedidas, ganaron un juicio y actualmente siguen sin ser reincorporadas a sus puestos de trabajo sean readmitidas y que se garantice el empleo de todos y cada uno de los y las trabajadoras que actualmente est\u00e1n en ITP-PCB.&nbsp;<\/p>\n\n\n\n<p>Esto hace tiempo que se tendr\u00eda que haber hecho, pero esperamos que esta cuarta sentencia favorable a los trabajadores y trabajadoras de PCB-ITP sirva para que, de una vez, adquiera el compromiso de apoyar los argumentos y soluciones que desde la parte social no hemos cesado de trasladarles en todos los marcos en los que hemos podido.<\/p>\n\n\n\n<p>Por ultimo, tambi\u00e9n le queremos preguntar al Gobierno Vasco hasta cu\u00e1ndo las empresas van a disponer de \u201cpatente de corso\u201d para seguir actuando como mafiosos, intentando socavar todos nuestros derechos laborales. \u00bfHasta cu\u00e1ndo dinero p\u00fablico para destruir empleo y condiciones laborales?, \u00bfhasta cu\u00e1ndo van a seguir enviando a la Ertzaintza para reprimir a las y los trabajadores que ejercen su leg\u00edtimo derecho a huelga, manifestaci\u00f3n y concentraci\u00f3n? Es decir, \u00bfhasta cu\u00e1ndo se les va a seguir permitiendo total y absoluta impunidad a la patronal?<\/p>\n\n\n\n<p>A falta de su respuesta, para LAB ese momento ya lleg\u00f3. Con el aval de la ciudadan\u00eda de Ezkerraldea, sus movimientos y agentes sociales, lucha de la plantilla y de las sentencias judiciales favorables, se acab\u00f3 el seguir permiti\u00e9ndoles que campen a sus anchas.<\/p>\n","protected":false},"excerpt":{"rendered":"<p>El juzgado de lo Social ha dado la raz\u00f3n al recurso presentado por LAB, ELA y CCOO y ha declarado nulo el ERTE de PCB. Es la cuarta vez que resuelve en contra de los despidos.<\/p>\n","protected":false},"author":1189,"featured_media":38290,"comment_status":"closed","ping_status":"closed","sticky":false,"template":"","format":"standard","meta":{"_monsterinsights_skip_tracking":false,"_monsterinsights_sitenote_active":false,"_monsterinsights_sitenote_note":"","_monsterinsights_sitenote_category":0,"footnotes":"","_links_to":"","_links_to_target":""},"categories":[18,2868,108,3283],"tags":[3033,3178,2996,3064],"class_list":{"0":"post-38292","1":"post","2":"type-post","3":"status-publish","4":"format-standard","5":"has-post-thumbnail","7":"category-es-accion-sindical","8":"category-industria-es","9":"category-es-metal","10":"category-sin-categorizar","11":"tag-accion-sindical-es","12":"tag-destacado-1","13":"tag-industria-es","14":"tag-metal-es"},"_links":{"self":[{"href":"https:\/\/www.lab.eus\/es\/wp-json\/wp\/v2\/posts\/38292","targetHints":{"allow":["GET"]}}],"collection":[{"href":"https:\/\/www.lab.eus\/es\/wp-json\/wp\/v2\/posts"}],"about":[{"href":"https:\/\/www.lab.eus\/es\/wp-json\/wp\/v2\/types\/post"}],"author":[{"embeddable":true,"href":"https:\/\/www.lab.eus\/es\/wp-json\/wp\/v2\/users\/1189"}],"replies":[{"embeddable":true,"href":"https:\/\/www.lab.eus\/es\/wp-json\/wp\/v2\/comments?post=38292"}],"version-history":[{"count":0,"href":"https:\/\/www.lab.eus\/es\/wp-json\/wp\/v2\/posts\/38292\/revisions"}],"wp:featuredmedia":[{"embeddable":true,"href":"https:\/\/www.lab.eus\/es\/wp-json\/wp\/v2\/media\/38290"}],"wp:attachment":[{"href":"https:\/\/www.lab.eus\/es\/wp-json\/wp\/v2\/media?parent=38292"}],"wp:term":[{"taxonomy":"category","embeddable":true,"href":"https:\/\/www.lab.eus\/es\/wp-json\/wp\/v2\/categories?post=38292"},{"taxonomy":"post_tag","embeddable":true,"href":"https:\/\/www.lab.eus\/es\/wp-json\/wp\/v2\/tags?post=38292"}],"curies":[{"name":"wp","href":"https:\/\/api.w.org\/{rel}","templated":true}]}}