{"id":38222,"date":"2021-09-24T10:15:20","date_gmt":"2021-09-24T10:15:20","guid":{"rendered":"https:\/\/www.lab.eus\/?p=38222"},"modified":"2021-09-24T11:13:41","modified_gmt":"2021-09-24T11:13:41","slug":"las-y-los-trabajadores-de-usoa-secundan-una-huelga-historica-en-defensa-de-sus-condiciones-laborales","status":"publish","type":"post","link":"https:\/\/www.lab.eus\/es\/las-y-los-trabajadores-de-usoa-secundan-una-huelga-historica-en-defensa-de-sus-condiciones-laborales\/","title":{"rendered":"Las y los trabajadores de USOA secundan una huelga hist\u00f3rica en defensa de sus condiciones laborales"},"content":{"rendered":"\n<p>LAB ha marcado un hito hist\u00f3rico y ha llevado a cabo hoy la primera huelga en el centro especial de empleo del ayuntamiento de Barakaldo, USOA, con m\u00e1s de 300 trabajadoras y trabajadores, tras los paros de tres horas llevados a cabo ayer. La plantilla ha denunciado as\u00ed la actitud de los responsables de la empresa y del ayuntamiento de Barakaldo, que <a href=\"https:\/\/www.lab.eus\/es\/hemos-convocado-paros-y-una-jornada-de-huelga-en-usoa-ante-un-convenio-colectivo-que-excluye-y-discrimina-a-parte-de-la-plantilla\/\">tienen prisa por firmar un convenio colectivo que excluye y discrimina a algunas y algunos trabajadores<\/a>.<\/p>\n\n\n\n<p>Este es el comunicado emitido por LAB con motivo de la jornada de huelga de hoy:<\/p>\n\n\n\n<p>Desde LAB hemos participado de manera activa y responsable en la negociaci\u00f3n del convenio colectivo de USOA, siempre con predisposici\u00f3n para negociar.\u00a0<\/p>\n\n\n\n<p>Los \u00faltimos cinco meses llegamos a un preacuerdo con la empresa para asentar las bases del Convenio. A partir de aqu\u00ed la empresa miente constantemente e incumple sus propios compromisos en una actitud irresponsable y con un total desprecio hacia la representaci\u00f3n legal, as\u00ed como a la plantilla.<\/p>\n\n\n\n<p>Nos encontramos que el ayuntamiento de Barakaldo y Gerencia nos plantean por un lado:<\/p>\n\n\n\n<p>&#8211; Un derecho que ten\u00edamos toda la plantilla (que es la subida salarial que se les aplica a los y las trabajadoras del ayuntamiento de Barakaldo) se elimina de manera aleatoria a parte de la plantilla, a un colectivo de mas de 80 trabajadoras y trabajadores.\u00a0<\/p>\n\n\n\n<p>&#8211; La empresa impone los plazos de negociaci\u00f3n rompiendo la posibilidad de seguir negociando. O esto o nada.\u00a0<\/p>\n\n\n\n<p>Ante esta injusta situaci\u00f3n y caciquil por parte del Equipo de Gobierno del ayuntamiento de Barakaldo (PNV PSOE), gerencia de USOA y la minor\u00eda de sindicatos del Comit\u00e9, nos hemos visto\u00a0obligadas a salir a la calle.\u00a0<\/p>\n\n\n\n<p>Valoramos muy positivamente el seguimiento de los paros de ayer y el seguimiento de la huelga. La plantilla ha dicho BASTA! La capacidad de lucha de esta plantilla que con dignidad est\u00e1 defendiendo sus derechos laborales es de aplaudir. Queremos remarcar lo que supone esta huelga para nosotras y nosotros, en m\u00e1s de 30 a\u00f1os es la primera que convocamos. Ante la nefasta gesti\u00f3n de USOA, nos hemos visto obligadas y obligados a responder con dureza.\u00a0<\/p>\n\n\n\n<p>El PSOE y el ayuntamiento de Barakaldo intenta deslegitimar la decisi\u00f3n soberana de las y los trabajadores que bajo el 62% de representaci\u00f3n del comit\u00e9 de empresa deciden ir a la huelga. Derecho leg\u00edtimo en la lucha de las condiciones de trabajo, tambi\u00e9n en este centro especial de empleo.<\/p>\n\n\n\n<p>Mediante una nota de prensa manipulada y cargada de mentiras, Amaia del Campo presidenta y Eduardo Casta\u00f1eda Vicepresidente de USOA (PSOE) se jactan del acuerdo del convenio por la mayor\u00eda del comit\u00e9. Esto es\u00a0totalmente falso ya que esa firma solo est\u00e1 avalada por el 38% de la representaci\u00f3n de la plantilla, lo que le debe colocar fuera de toda responsabilidad por su evidente falta de \u00e9tica.<\/p>\n\n\n\n<p>Queremos recordarle que LAB es mayor\u00eda absoluta en el comit\u00e9 con el 60% de los votos de las ultimas\u00a0elecciones sindicales.<\/p>\n\n\n\n<p>Denunciamos la impunidad con la que el PSOE Barakaldo, Gerencia y los sindicatos CCOO, UGT y EKINTZA manipulan y coaccionan a las y los trabajadores de USOA, a pocas horas de iniciarse una huelga hist\u00f3rica publicando la firma de un convenio\u00a0en minor\u00eda y de eficacia limitada.<\/p>\n\n\n\n<p>No descartamos continuar con las movilizaciones e incrementar su intensidad.\u00a0<\/p>\n\n\n\n<figure class=\"wp-block-gallery columns-3 is-cropped wp-block-gallery-1 is-layout-flex wp-block-gallery-is-layout-flex\"><ul class=\"blocks-gallery-grid\"><li class=\"blocks-gallery-item\"><figure><img loading=\"lazy\" decoding=\"async\" width=\"1024\" height=\"768\" src=\"https:\/\/www.lab.eus\/wp-content\/uploads\/2021\/09\/Usoa3-1024x768.jpeg\" alt=\"\" data-id=\"38246\" data-link=\"https:\/\/www.lab.eus\/es\/las-y-los-trabajadores-de-usoa-secundan-una-huelga-historica-en-defensa-de-sus-condiciones-laborales\/usoa3\/\" class=\"wp-image-38246\" srcset=\"https:\/\/www.lab.eus\/wp-content\/uploads\/2021\/09\/Usoa3-1024x768.jpeg 1024w, https:\/\/www.lab.eus\/wp-content\/uploads\/2021\/09\/Usoa3-300x225.jpeg 300w, https:\/\/www.lab.eus\/wp-content\/uploads\/2021\/09\/Usoa3-768x576.jpeg 768w, https:\/\/www.lab.eus\/wp-content\/uploads\/2021\/09\/Usoa3-1536x1152.jpeg 1536w, https:\/\/www.lab.eus\/wp-content\/uploads\/2021\/09\/Usoa3-150x113.jpeg 150w, https:\/\/www.lab.eus\/wp-content\/uploads\/2021\/09\/Usoa3-696x522.jpeg 696w, https:\/\/www.lab.eus\/wp-content\/uploads\/2021\/09\/Usoa3-1068x801.jpeg 1068w, https:\/\/www.lab.eus\/wp-content\/uploads\/2021\/09\/Usoa3-560x420.jpeg 560w, https:\/\/www.lab.eus\/wp-content\/uploads\/2021\/09\/Usoa3-80x60.jpeg 80w, https:\/\/www.lab.eus\/wp-content\/uploads\/2021\/09\/Usoa3-265x198.jpeg 265w, https:\/\/www.lab.eus\/wp-content\/uploads\/2021\/09\/Usoa3.jpeg 1600w\" sizes=\"auto, (max-width: 1024px) 100vw, 1024px\" \/><\/figure><\/li><li class=\"blocks-gallery-item\"><figure><img loading=\"lazy\" decoding=\"async\" width=\"1024\" height=\"768\" src=\"https:\/\/www.lab.eus\/wp-content\/uploads\/2021\/09\/Usoa2-1-1024x768.jpeg\" alt=\"\" data-id=\"38248\" data-link=\"https:\/\/www.lab.eus\/es\/las-y-los-trabajadores-de-usoa-secundan-una-huelga-historica-en-defensa-de-sus-condiciones-laborales\/usoa2-1\/\" class=\"wp-image-38248\" srcset=\"https:\/\/www.lab.eus\/wp-content\/uploads\/2021\/09\/Usoa2-1-1024x768.jpeg 1024w, https:\/\/www.lab.eus\/wp-content\/uploads\/2021\/09\/Usoa2-1-300x225.jpeg 300w, https:\/\/www.lab.eus\/wp-content\/uploads\/2021\/09\/Usoa2-1-768x576.jpeg 768w, https:\/\/www.lab.eus\/wp-content\/uploads\/2021\/09\/Usoa2-1-1536x1152.jpeg 1536w, https:\/\/www.lab.eus\/wp-content\/uploads\/2021\/09\/Usoa2-1-150x113.jpeg 150w, https:\/\/www.lab.eus\/wp-content\/uploads\/2021\/09\/Usoa2-1-696x522.jpeg 696w, https:\/\/www.lab.eus\/wp-content\/uploads\/2021\/09\/Usoa2-1-1068x801.jpeg 1068w, https:\/\/www.lab.eus\/wp-content\/uploads\/2021\/09\/Usoa2-1-560x420.jpeg 560w, https:\/\/www.lab.eus\/wp-content\/uploads\/2021\/09\/Usoa2-1-80x60.jpeg 80w, https:\/\/www.lab.eus\/wp-content\/uploads\/2021\/09\/Usoa2-1-265x198.jpeg 265w, https:\/\/www.lab.eus\/wp-content\/uploads\/2021\/09\/Usoa2-1.jpeg 1600w\" sizes=\"auto, (max-width: 1024px) 100vw, 1024px\" \/><\/figure><\/li><li class=\"blocks-gallery-item\"><figure><img loading=\"lazy\" decoding=\"async\" width=\"1024\" height=\"289\" src=\"https:\/\/www.lab.eus\/wp-content\/uploads\/2021\/09\/Usoa1-1024x289.jpeg\" alt=\"\" data-id=\"38250\" data-full-url=\"https:\/\/www.lab.eus\/wp-content\/uploads\/2021\/09\/Usoa1.jpeg\" data-link=\"https:\/\/www.lab.eus\/es\/las-y-los-trabajadores-de-usoa-secundan-una-huelga-historica-en-defensa-de-sus-condiciones-laborales\/usoa1\/\" class=\"wp-image-38250\" srcset=\"https:\/\/www.lab.eus\/wp-content\/uploads\/2021\/09\/Usoa1-1024x289.jpeg 1024w, https:\/\/www.lab.eus\/wp-content\/uploads\/2021\/09\/Usoa1-300x85.jpeg 300w, https:\/\/www.lab.eus\/wp-content\/uploads\/2021\/09\/Usoa1-768x217.jpeg 768w, https:\/\/www.lab.eus\/wp-content\/uploads\/2021\/09\/Usoa1-1536x434.jpeg 1536w, https:\/\/www.lab.eus\/wp-content\/uploads\/2021\/09\/Usoa1-150x42.jpeg 150w, https:\/\/www.lab.eus\/wp-content\/uploads\/2021\/09\/Usoa1-696x197.jpeg 696w, https:\/\/www.lab.eus\/wp-content\/uploads\/2021\/09\/Usoa1-1068x302.jpeg 1068w, https:\/\/www.lab.eus\/wp-content\/uploads\/2021\/09\/Usoa1-1487x420.jpeg 1487w, https:\/\/www.lab.eus\/wp-content\/uploads\/2021\/09\/Usoa1.jpeg 1600w\" sizes=\"auto, (max-width: 1024px) 100vw, 1024px\" \/><\/figure><\/li><\/ul><\/figure>\n","protected":false},"excerpt":{"rendered":"<p>La plantilla ha denunciado la actitud de la empresa y del ayuntamiento de Barakaldo, que tienen prisa por firmar un convenio colectivo que excluye y discrimina a algunas y algunos trabajadores.<\/p>\n","protected":false},"author":1189,"featured_media":38221,"comment_status":"closed","ping_status":"closed","sticky":false,"template":"","format":"standard","meta":{"_monsterinsights_skip_tracking":false,"_monsterinsights_sitenote_active":false,"_monsterinsights_sitenote_note":"","_monsterinsights_sitenote_category":0,"footnotes":"","_links_to":"","_links_to_target":""},"categories":[18,3000,6,3283],"tags":[3178,3217,3171],"class_list":{"0":"post-38222","1":"post","2":"type-post","3":"status-publish","4":"format-standard","5":"has-post-thumbnail","7":"category-es-accion-sindical","8":"category-servicio-sociocomunitario","9":"category-es-servicios-publicos","10":"category-sin-categorizar","11":"tag-destacado-1","12":"tag-servicios-sociocomunitarios","13":"tag-servicios-publicos-es"},"_links":{"self":[{"href":"https:\/\/www.lab.eus\/es\/wp-json\/wp\/v2\/posts\/38222","targetHints":{"allow":["GET"]}}],"collection":[{"href":"https:\/\/www.lab.eus\/es\/wp-json\/wp\/v2\/posts"}],"about":[{"href":"https:\/\/www.lab.eus\/es\/wp-json\/wp\/v2\/types\/post"}],"author":[{"embeddable":true,"href":"https:\/\/www.lab.eus\/es\/wp-json\/wp\/v2\/users\/1189"}],"replies":[{"embeddable":true,"href":"https:\/\/www.lab.eus\/es\/wp-json\/wp\/v2\/comments?post=38222"}],"version-history":[{"count":0,"href":"https:\/\/www.lab.eus\/es\/wp-json\/wp\/v2\/posts\/38222\/revisions"}],"wp:featuredmedia":[{"embeddable":true,"href":"https:\/\/www.lab.eus\/es\/wp-json\/wp\/v2\/media\/38221"}],"wp:attachment":[{"href":"https:\/\/www.lab.eus\/es\/wp-json\/wp\/v2\/media?parent=38222"}],"wp:term":[{"taxonomy":"category","embeddable":true,"href":"https:\/\/www.lab.eus\/es\/wp-json\/wp\/v2\/categories?post=38222"},{"taxonomy":"post_tag","embeddable":true,"href":"https:\/\/www.lab.eus\/es\/wp-json\/wp\/v2\/tags?post=38222"}],"curies":[{"name":"wp","href":"https:\/\/api.w.org\/{rel}","templated":true}]}}