{"id":38202,"date":"2021-09-24T06:32:00","date_gmt":"2021-09-24T06:32:00","guid":{"rendered":"https:\/\/www.lab.eus\/?p=38202"},"modified":"2021-09-24T08:36:57","modified_gmt":"2021-09-24T08:36:57","slug":"el-gobierno-de-navarra-debe-escuchar-a-las-plantillas-y-dar-marcha-atras-en-los-cambios-arbitrarios-impuestos-en-las-titulaciones-de-los-pliegos-evitando-decenas-de-despidos","status":"publish","type":"post","link":"https:\/\/www.lab.eus\/es\/el-gobierno-de-navarra-debe-escuchar-a-las-plantillas-y-dar-marcha-atras-en-los-cambios-arbitrarios-impuestos-en-las-titulaciones-de-los-pliegos-evitando-decenas-de-despidos\/","title":{"rendered":"El Gobierno de Navarra debe escuchar a las plantillas y dar marcha atr\u00e1s en los cambios arbitrarios impuestos en las titulaciones de los pliegos, evitando decenas de despidos"},"content":{"rendered":"\n<p>El Gobierno de Navarra, a trav\u00e9s de la Subdirecci\u00f3n de menores, sigue adelante con los cambios arbitrarios en las exigencias de titulaciones para los pliegos de menores publicados el 1 de julio. Pese a que realizaron algunas modificaciones respecto del planteamiento inicial, estos cambios suponen un antes y un despu\u00e9s, nunca antes vistos. Cambios dr\u00e1sticos que pueden ocasionar, si no lo evitamos,&nbsp;<strong>decenas de despidos en el sector<\/strong>. <\/p>\n\n\n\n<p>Decimos una vez m\u00e1s que&nbsp;<strong>es necesario poner orden en las titulaciones, pero no de esta manera<\/strong>. Se debe negociar y acordar una hoja de ruta, un horizonte al que avanzar. Ni compartimos ni aceptamos la imposici\u00f3n de criterios unilaterales, arbitrarios, sin base objetiva ni acreditada, abriendo las puertas a algunas titulaciones y dejando fuera otras porque s\u00ed.&nbsp;<strong>El futuro del sector no puede estar en manos del subdirector de turno<\/strong>.<\/p>\n\n\n\n<p>Esta forma de actuar es muy preocupante. Crea un precedente muy malo para futuras ocasiones,&nbsp;<strong>no podemos permitir que se puedan cambiar los criterios cada vez que cambie el Gobierno<\/strong>, es incomprensible. Esto pone en peligro, no solo a las trabajadoras que no cumplan con los nuevos requisitos de titulaci\u00f3n, sino a todas las plantillas, ya que, con esta forma de hacer, donde&nbsp;<strong>lo que ayer val\u00eda ma\u00f1ana puede no valer<\/strong>, prevalece la incertidumbre y la falta de seguridad, se pueden imponer ma\u00f1ana otros requisitos o formaciones complementarias, por ejemplo, y si no lo tienes&nbsp;<strong>\u00bfA la calle y sin opciones?<\/strong><\/p>\n\n\n\n<p><strong>Nuestra propuesta<\/strong>&nbsp;es clara al respecto:<br>\u2022 Creaci\u00f3n de una&nbsp;mesa de negociaci\u00f3n&nbsp;sectorial a tres bandas entre la Administraci\u00f3n, sindicatos y patronal para acordar una hoja de ruta.<br>\u2022&nbsp;Periodo transitorio&nbsp;hasta la implementaci\u00f3n total de la hoja de ruta.<br>\u2022&nbsp;Ning\u00fan despido&nbsp;ni modificaci\u00f3n sustancial por los cambios impuestos.<br>\u2022&nbsp;Garant\u00edas&nbsp;para las personas que actualmente est\u00e1n trabajando.<br>\u2022&nbsp;Irretroactividad&nbsp;de los nuevos criterios para las personas que est\u00e1n actualmente trabajando.<br>\u2022&nbsp;Moratoria&nbsp;en la aplicaci\u00f3n de los nuevos criterios hasta que se resuelva el recurso de alzada presentado por el sindicato LAB contra los pliegos de Gobierno de Navarra. Y en caso de que se rechace y se lleve al Juzgado, hasta que se resuelva la sentencia.<br>\u2022&nbsp;Debate&nbsp;acerca de las titulaciones.<\/p>\n\n\n\n<p>Esto que parece imposible de conseguir, es posible, si las plantillas del sector nos organizamos. Como pr\u00f3ximo&nbsp;<strong>movimiento<\/strong>, el mi\u00e9rcoles&nbsp;<strong>29 de septiembre<\/strong>&nbsp;a las 12,15 horas, iremos al Parlamento de Navarra a la sesi\u00f3n de trabajo de la Comisi\u00f3n de Derechos Sociales, a exponer la situaci\u00f3n y presentar nuestras propuestas. Media hora antes, a las&nbsp;<strong>11,45 horas, nos concentraremos frente al hemiciclo<\/strong>&nbsp;para que se nos escuche alto y claro.<\/p>\n\n\n\n<p><strong>No estamos pidiendo nada del otro mundo<\/strong>&nbsp;que nunca antes se haya llevado a cabo. En las residencias de tercera edad, en su momento, sucedi\u00f3 lo mismo y no se despidi\u00f3 a nadie. Se dieron oportunidades a las plantillas.&nbsp;<strong>Todo es cuesti\u00f3n de voluntad.<\/strong><\/p>\n","protected":false},"excerpt":{"rendered":"<p>El Gobierno de Navarra, a trav\u00e9s de la Subdirecci\u00f3n de menores, sigue adelante con los cambios arbitrarios en las exigencias de titulaciones para los pliegos de menores publicados el 1 de julio. <\/p>\n","protected":false},"author":1189,"featured_media":38196,"comment_status":"closed","ping_status":"closed","sticky":false,"template":"","format":"standard","meta":{"_monsterinsights_skip_tracking":false,"_monsterinsights_sitenote_active":false,"_monsterinsights_sitenote_note":"","_monsterinsights_sitenote_category":0,"footnotes":"","_links_to":"","_links_to_target":""},"categories":[3000,6,3283],"tags":[3178,3217,3171],"class_list":{"0":"post-38202","1":"post","2":"type-post","3":"status-publish","4":"format-standard","5":"has-post-thumbnail","7":"category-servicio-sociocomunitario","8":"category-es-servicios-publicos","9":"category-sin-categorizar","10":"tag-destacado-1","11":"tag-servicios-sociocomunitarios","12":"tag-servicios-publicos-es"},"_links":{"self":[{"href":"https:\/\/www.lab.eus\/es\/wp-json\/wp\/v2\/posts\/38202","targetHints":{"allow":["GET"]}}],"collection":[{"href":"https:\/\/www.lab.eus\/es\/wp-json\/wp\/v2\/posts"}],"about":[{"href":"https:\/\/www.lab.eus\/es\/wp-json\/wp\/v2\/types\/post"}],"author":[{"embeddable":true,"href":"https:\/\/www.lab.eus\/es\/wp-json\/wp\/v2\/users\/1189"}],"replies":[{"embeddable":true,"href":"https:\/\/www.lab.eus\/es\/wp-json\/wp\/v2\/comments?post=38202"}],"version-history":[{"count":0,"href":"https:\/\/www.lab.eus\/es\/wp-json\/wp\/v2\/posts\/38202\/revisions"}],"wp:featuredmedia":[{"embeddable":true,"href":"https:\/\/www.lab.eus\/es\/wp-json\/wp\/v2\/media\/38196"}],"wp:attachment":[{"href":"https:\/\/www.lab.eus\/es\/wp-json\/wp\/v2\/media?parent=38202"}],"wp:term":[{"taxonomy":"category","embeddable":true,"href":"https:\/\/www.lab.eus\/es\/wp-json\/wp\/v2\/categories?post=38202"},{"taxonomy":"post_tag","embeddable":true,"href":"https:\/\/www.lab.eus\/es\/wp-json\/wp\/v2\/tags?post=38202"}],"curies":[{"name":"wp","href":"https:\/\/api.w.org\/{rel}","templated":true}]}}