{"id":38193,"date":"2021-09-24T08:12:11","date_gmt":"2021-09-24T08:12:11","guid":{"rendered":"https:\/\/www.lab.eus\/?p=38193"},"modified":"2021-09-24T08:12:44","modified_gmt":"2021-09-24T08:12:44","slug":"pedimos-la-inmediata-liberacion-de-carlos-puigdemont-y-reivindicamos-la-autodeterminacion-ante-la-represion","status":"publish","type":"post","link":"https:\/\/www.lab.eus\/es\/pedimos-la-inmediata-liberacion-de-carlos-puigdemont-y-reivindicamos-la-autodeterminacion-ante-la-represion\/","title":{"rendered":"Pedimos la inmediata liberaci\u00f3n de Carlos Puigdemont y reivindicamos la autodeterminaci\u00f3n ante la represi\u00f3n"},"content":{"rendered":"\n<p>LAB quiere mostrar toda su solidaridad al presidente de Catalunya Carles Puigdemont y al pueblo catal\u00e1n. Estamos luchando por una transici\u00f3n ecosocialista y feminista hacia un modelo econ\u00f3mico y social que deje atr\u00e1s el sistema capitalista que hace imposible las condiciones de trabajo y de vida dignas de las y los trabajadores y ponga la vida en el centro. M\u00e1s all\u00e1 de ser un reto que tenemos la clase trabajadora a nivel mundial, para construir esa alternativa, debemos promover un proceso soberanista para lograr la transformaci\u00f3n social, tanto en Euskal Herria como en Catalunya.<\/p>\n\n\n\n<p>El Estado espa\u00f1ol sigue sin reconocer y ejercer nuestro derecho a decidir nuestro propio futuro, tanto en Euskal Herria como en Catalunya. Y no solo eso; la represi\u00f3n no cesa. El de ayer, con la detenci\u00f3n de Puigdemont, ha sido el \u00faltimo ejemplo.<\/p>\n\n\n\n<p>El de ayer es un paso m\u00e1s del Estado para obstaculizar la convivencia y la democracia en Catalu\u00f1a. No creemos que sea casualidad que esta detenci\u00f3n se haya producido cuando se ha abierto la mesa de di\u00e1logo entre el Gobierno de Catalunya y el de Madrid. Mientras una amplia mayor\u00eda del pueblo catal\u00e1n defiende un refer\u00e9ndum consensuado y el fin de la represi\u00f3n, los enemigos de la paz y la democracia siguen intentando frustrar este camino.<\/p>\n\n\n\n<p>Hay que poner fin a la represi\u00f3n y abordar necesariamente el fondo de la cuesti\u00f3n pol\u00edtica. Tanto en Euskal Herria como en Catalunya, la mayor\u00eda social defiende el derecho a decidir de los pueblos. Tenemos el reto de canalizar esas fuerzas en la misma direcci\u00f3n, porque ser\u00e1 la voluntad del pueblo la que logre romper ese estrecho cors\u00e9 que establece la Constituci\u00f3n espa\u00f1ola.<\/p>\n","protected":false},"excerpt":{"rendered":"<p>El Estado espa\u00f1ol sigue sin reconocer y ejercer nuestro derecho a decidir nuestro propio futuro, tanto en Euskal Herria como en Catalunya. Y no solo eso; la represi\u00f3n no cesa. <\/p>\n","protected":false},"author":1189,"featured_media":38192,"comment_status":"closed","ping_status":"closed","sticky":false,"template":"","format":"standard","meta":{"_monsterinsights_skip_tracking":false,"_monsterinsights_sitenote_active":false,"_monsterinsights_sitenote_note":"","_monsterinsights_sitenote_category":0,"footnotes":"","_links_to":"","_links_to_target":""},"categories":[3402,3301,4,3283],"tags":[3178,3231,3173],"class_list":{"0":"post-38193","1":"post","2":"type-post","3":"status-publish","4":"format-standard","5":"has-post-thumbnail","7":"category-accion-politica","8":"category-euskal-herria-es-2","9":"category-es-internacional","10":"category-sin-categorizar","11":"tag-destacado-1","12":"tag-euskal-herria-es","13":"tag-internacional-es"},"_links":{"self":[{"href":"https:\/\/www.lab.eus\/es\/wp-json\/wp\/v2\/posts\/38193","targetHints":{"allow":["GET"]}}],"collection":[{"href":"https:\/\/www.lab.eus\/es\/wp-json\/wp\/v2\/posts"}],"about":[{"href":"https:\/\/www.lab.eus\/es\/wp-json\/wp\/v2\/types\/post"}],"author":[{"embeddable":true,"href":"https:\/\/www.lab.eus\/es\/wp-json\/wp\/v2\/users\/1189"}],"replies":[{"embeddable":true,"href":"https:\/\/www.lab.eus\/es\/wp-json\/wp\/v2\/comments?post=38193"}],"version-history":[{"count":0,"href":"https:\/\/www.lab.eus\/es\/wp-json\/wp\/v2\/posts\/38193\/revisions"}],"wp:featuredmedia":[{"embeddable":true,"href":"https:\/\/www.lab.eus\/es\/wp-json\/wp\/v2\/media\/38192"}],"wp:attachment":[{"href":"https:\/\/www.lab.eus\/es\/wp-json\/wp\/v2\/media?parent=38193"}],"wp:term":[{"taxonomy":"category","embeddable":true,"href":"https:\/\/www.lab.eus\/es\/wp-json\/wp\/v2\/categories?post=38193"},{"taxonomy":"post_tag","embeddable":true,"href":"https:\/\/www.lab.eus\/es\/wp-json\/wp\/v2\/tags?post=38193"}],"curies":[{"name":"wp","href":"https:\/\/api.w.org\/{rel}","templated":true}]}}