{"id":38175,"date":"2021-09-23T12:55:45","date_gmt":"2021-09-23T12:55:45","guid":{"rendered":"https:\/\/www.lab.eus\/?p=38175"},"modified":"2021-09-23T12:58:04","modified_gmt":"2021-09-23T12:58:04","slug":"osakidetza-ha-convertido-la-mesa-sectorial-en-un-circo-para-cubrir-el-expediente","status":"publish","type":"post","link":"https:\/\/www.lab.eus\/es\/osakidetza-ha-convertido-la-mesa-sectorial-en-un-circo-para-cubrir-el-expediente\/","title":{"rendered":"Osakidetza ha convertido la Mesa Sectorial en un circo para cubrir el expediente"},"content":{"rendered":"\n<p>En la primera Mesa Sectorial del nuevo curso, en el orden del d\u00eda que ha planteado Osakidetza no se recog\u00edan los conflictos y exigencias m\u00e1s importantes que tiene la plantilla, y, como esper\u00e1bamos, la reuni\u00f3n de ha sido otra reuni\u00f3n m\u00e1s sin contenido relevante.<\/p>\n\n\n\n<p>Osakidetza ha utilizado la Mesa Sectorial para poner sobre la mesa sus intenciones, pero no nos ha trasladado ni informaci\u00f3n clara ni c\u00f3mo las va a encauzar.<\/p>\n\n\n\n<p>En estas condiciones no hay ninguna posibilidad de negociaci\u00f3n para los y las trabajadoras y as\u00ed se lo hemos trasladado a Osakidetza.<\/p>\n\n\n\n<p>Queremos dejar claro a Osakidetza que la Mesa Sectorial es el marco m\u00e1s importante para la negociaci\u00f3n colectiva y no para lo que hoy han escenificado: un circo para limpiar su imagen y cubrir el expediente.<\/p>\n\n\n\n<p>La modificaci\u00f3n del funcionamiento de la Mesa Sectorial es necesaria para dar una soluci\u00f3n real a los problemas que tienen los y las trabajadoras de Osakidetza, por lo que le exigimos respeto a la representaci\u00f3n de los trabajadores y trabajadoras y que reactive de inmediato los procesos de negociaci\u00f3n.<\/p>\n","protected":false},"excerpt":{"rendered":"<p>En la primera Mesa Sectorial del nuevo curso, en el orden del d\u00eda que ha planteado Osakidetza no se recog\u00edan los conflictos y exigencias m\u00e1s importantes que tiene la plantilla, y, como esper\u00e1bamos, la reuni\u00f3n de ha sido otra reuni\u00f3n m\u00e1s sin contenido relevante.<\/p>\n","protected":false},"author":1189,"featured_media":31643,"comment_status":"closed","ping_status":"closed","sticky":false,"template":"","format":"standard","meta":{"_monsterinsights_skip_tracking":false,"_monsterinsights_sitenote_active":false,"_monsterinsights_sitenote_note":"","_monsterinsights_sitenote_category":0,"footnotes":"","_links_to":"","_links_to_target":""},"categories":[3097,3126,6,3283],"tags":[3178,3195,3100,3171],"class_list":{"0":"post-38175","1":"post","2":"type-post","3":"status-publish","4":"format-standard","5":"has-post-thumbnail","7":"category-sanidad","8":"category-sanidad-es","9":"category-es-servicios-publicos","10":"category-sin-categorizar","11":"tag-destacado-1","12":"tag-osakidetza-es","13":"tag-sanidad-es","14":"tag-servicios-publicos-es"},"_links":{"self":[{"href":"https:\/\/www.lab.eus\/es\/wp-json\/wp\/v2\/posts\/38175","targetHints":{"allow":["GET"]}}],"collection":[{"href":"https:\/\/www.lab.eus\/es\/wp-json\/wp\/v2\/posts"}],"about":[{"href":"https:\/\/www.lab.eus\/es\/wp-json\/wp\/v2\/types\/post"}],"author":[{"embeddable":true,"href":"https:\/\/www.lab.eus\/es\/wp-json\/wp\/v2\/users\/1189"}],"replies":[{"embeddable":true,"href":"https:\/\/www.lab.eus\/es\/wp-json\/wp\/v2\/comments?post=38175"}],"version-history":[{"count":0,"href":"https:\/\/www.lab.eus\/es\/wp-json\/wp\/v2\/posts\/38175\/revisions"}],"wp:featuredmedia":[{"embeddable":true,"href":"https:\/\/www.lab.eus\/es\/wp-json\/wp\/v2\/media\/31643"}],"wp:attachment":[{"href":"https:\/\/www.lab.eus\/es\/wp-json\/wp\/v2\/media?parent=38175"}],"wp:term":[{"taxonomy":"category","embeddable":true,"href":"https:\/\/www.lab.eus\/es\/wp-json\/wp\/v2\/categories?post=38175"},{"taxonomy":"post_tag","embeddable":true,"href":"https:\/\/www.lab.eus\/es\/wp-json\/wp\/v2\/tags?post=38175"}],"curies":[{"name":"wp","href":"https:\/\/api.w.org\/{rel}","templated":true}]}}