{"id":38166,"date":"2021-09-23T11:47:21","date_gmt":"2021-09-23T11:47:21","guid":{"rendered":"https:\/\/www.lab.eus\/?p=38166"},"modified":"2021-09-23T11:47:23","modified_gmt":"2021-09-23T11:47:23","slug":"hemos-denunciado-la-muerte-laboral-de-un-trabajador-migrante-y-hemos-exigido-medidas-para-acabar-con-la-explotacion-en-el-campo-navarro","status":"publish","type":"post","link":"https:\/\/www.lab.eus\/es\/hemos-denunciado-la-muerte-laboral-de-un-trabajador-migrante-y-hemos-exigido-medidas-para-acabar-con-la-explotacion-en-el-campo-navarro\/","title":{"rendered":"Hemos denunciado la muerte laboral de un trabajador migrante y hemos exigido medidas para acabar con la explotaci\u00f3n en el campo navarro"},"content":{"rendered":"\n<p>El sindicato LAB se ha concentrado hoy en Pamplona, ante la sede de la Inspecci\u00f3n de Trabajo, para denunciar la muerte de un trabajador migrante de 62 a\u00f1os que tuvo lugar el pasado 15 de septiembre en Carcastillo, y para exigir que se pongan en marcha medidas inmediatas para poner fin a las situaciones de explotaci\u00f3n y precariedad en el medio rural de Navarra.<\/p>\n\n\n\n<p>En primer lugar, LAB quiere dejar claro que el de Carcastillo no fue un mero accidente de tr\u00e1fico. Se trata de un accidente laboral, ya que la propia normativa de seguridad laboral cataloga los accidentes&nbsp;<em>in itinere<\/em>como accidente laboral. Pero, adem\u00e1s, seg\u00fan la informaci\u00f3n obtenida por este sindicato, detr\u00e1s de este hecho hay varias sombras que se deber\u00edan poner sobre la mesa.<\/p>\n\n\n\n<p>LAB ha podido recabar la siguiente informaci\u00f3n:<\/p>\n\n\n\n<ul class=\"wp-block-list\"><li>Arturo Rojas Casta\u00f1os, trabajador migrante de 62 a\u00f1os, viv\u00eda una situaci\u00f3n laboral inestable. Durante el verano tuvo cuatro contratos diferentes, dos de ellos en r\u00e9gimen general y dos en r\u00e9gimen especial agrario.<\/li><li>El \u00faltimo contrato sit\u00faa su actividad en Caparroso, pero no est\u00e1 claro a d\u00f3nde iba a trabajar la ma\u00f1ana que tuvo el accidente. De hecho, hay 30 kil\u00f3metros desde el pueblo de Figarol hasta Caparroso.<\/li><li>Su relaci\u00f3n contractual con la empresa se dio por agotada el d\u00eda 12 de septiembre, pero, posteriormente, en una fecha desconocida, fue prorrogada hasta el d\u00eda 15 de septiembre, fecha de fallecimiento.<\/li><li>El fallecido, junto a otro grupo de obreros de origen sudamericano, estuvo pernoctando en una chabola en el campo, en los alrededores de Carcastillo, en condiciones precarias.<\/li><li>En los \u00faltimos d\u00edas de su vida se refugiaba en Figarol y desde all\u00ed recorr\u00eda varios kil\u00f3metros en bicicleta. Parte del recorrido matinal lo realizaba a oscuras, poniendo en peligro su salud; de hevho, el accidente que seg\u00f3 su vida fue a las 06:48 de la ma\u00f1ana.<\/li><\/ul>\n\n\n\n<p>Teniendo en cuenta los hechos mencionados, el sindicato LAB quiere trasladar a la Inspecci\u00f3n de Trabajo las siguientes preguntas:<\/p>\n\n\n\n<ul class=\"wp-block-list\"><li>\u00bfCu\u00e1l era la situaci\u00f3n contractual del trabajador?<\/li><li>Heriotzaren unean kontratupean zegoen? Noiz utzi zen bertan behera istripua izan baino hiru egun lehenago emandako baja agindua?<\/li><li>\u00bfA d\u00f3nde iba a trabajar? \u00bfEn ese lugar de trabajo se cumple la legislaci\u00f3n en torno a la prevenci\u00f3n? \u00bfEn ese lugar de trabajo tienen recogidos los riesgos y las medidas preventivas? \u00bfRecibi\u00f3 formaci\u00f3n? \u00bfVigilancia de la salud?<\/li><li>\u00bfC\u00f3mo es posible que la empresa no ponga modos seguros de transporte en este tipo de situaciones, sabiendo que en la evaluaci\u00f3n de riesgos se deben integrar los riesgos&nbsp;<em>in itinere<\/em>y las medidas correspondientes?<\/li><li>\u00bfExiste control horario en la actividad? \u00bfEst\u00e1 recogido el riesgo de la movilidad?<\/li><\/ul>\n\n\n\n<p>Todas estas preguntas no tienen una respuesta clara en estos momentos y solicitamos a la Inspecci\u00f3n de Trabajo que inicie una investigaci\u00f3n para resolver las dudas y determinar las responsabilidades que se derivan de este accidente laboral.<\/p>\n\n\n\n<p>Queda claro que Arturo Rojas vivi\u00f3 una situaci\u00f3n de extrema explotaci\u00f3n y precariedad que tuvo mucho que ver con su muerte. Seg\u00fan todos los indicios, viv\u00eda realizando trabajos espor\u00e1dicos y ten\u00eda que ir antes del amanecer, con sus 62 a\u00f1os, a los lugares que le ordenaba&nbsp;el empresario, recorriendo grandes distancias en bicicleta. \u00bfCu\u00e1ntos trabajadores hay en la misma situaci\u00f3n que Arturo Rojas en lcampo navarro?<\/p>\n\n\n\n<p>En el marco de la lucha de Huerta de Peralta, hace dos a\u00f1os denunciamos la existencia de numerosas situaciones de explotaci\u00f3n y precariedad en el campo navarro donde, entre otras cosas, no pocos empresarios aprovechan la debilidad e indefensi\u00f3n que genera la Ley de Extranjer\u00eda para explotar a los trabajadores migrantes o para utilizarlos en una situaci\u00f3n muy precaria. Desde entonces no se han adoptado las medidas oportunas ni por parte de la Inspecci\u00f3n de Trabajo ni del Gobierno de Navarra. En este sentido, el sindicato LAB continuar\u00e1, en colaboraci\u00f3n con los colectivos de personas migrantes y con los agentes de este \u00e1mbito, denunciando estas situaciones y exigiendo medidas correctoras.<\/p>\n\n\n\n<p>Asimismo, el sindicato LAB continuar\u00e1 trasladando su acci\u00f3n sindical al mayor n\u00famero de centros de trabajo posible, convencido de que la mejor manera de defender los derechos de los trabajadores es que se organicen y luchen con el apoyo de un sindicato combativo.<\/p>\n\n\n\n<p>As\u00ed lo ha demostrado, entre otras muchas cosas, <a href=\"https:\/\/www.lab.eus\/es\/huerta-de-peralta-triunfo-del-sindicalismo-combativo\/\">la experiencia de Huerta de Peralta<\/a>, en la que la organizaci\u00f3n de los trabajadores y la acci\u00f3n sindical ha tra\u00eddo importantes mejoras en sus condiciones laborales.\u00a0<\/p>\n","protected":false},"excerpt":{"rendered":"<p>Nos hemos concentrado en Iru\u00f1ea, ante la sede de la Inspecci\u00f3n de Trabajo, para denunciar la muerte de un trabajador migrante de 62 a\u00f1os que tuvo lugar el pasado 15 de septiembre en Carcastillo, y para exigir que se pongan en marcha medidas inmediatas para poner fin a las situaciones de explotaci\u00f3n y precariedad en el medio rural de Navarra.<\/p>\n","protected":false},"author":1189,"featured_media":38163,"comment_status":"closed","ping_status":"closed","sticky":false,"template":"","format":"standard","meta":{"_monsterinsights_skip_tracking":false,"_monsterinsights_sitenote_active":false,"_monsterinsights_sitenote_note":"","_monsterinsights_sitenote_category":0,"footnotes":"","_links_to":"","_links_to_target":""},"categories":[18,404,130,15,3283],"tags":[3033,3178,3263,3196,3083],"class_list":{"0":"post-38166","1":"post","2":"type-post","3":"status-publish","4":"format-standard","5":"has-post-thumbnail","7":"category-es-accion-sindical","8":"category-es-gobierno-de-navarra","9":"category-es-la-precariedad-mata-es-salud-laboral","10":"category-es-salud-laboral","11":"category-sin-categorizar","12":"tag-accion-sindical-es","13":"tag-destacado-1","14":"tag-la-precariedad-mata-es-2","15":"tag-nafarroa-es-2","16":"tag-salud-laboral-es"},"_links":{"self":[{"href":"https:\/\/www.lab.eus\/es\/wp-json\/wp\/v2\/posts\/38166","targetHints":{"allow":["GET"]}}],"collection":[{"href":"https:\/\/www.lab.eus\/es\/wp-json\/wp\/v2\/posts"}],"about":[{"href":"https:\/\/www.lab.eus\/es\/wp-json\/wp\/v2\/types\/post"}],"author":[{"embeddable":true,"href":"https:\/\/www.lab.eus\/es\/wp-json\/wp\/v2\/users\/1189"}],"replies":[{"embeddable":true,"href":"https:\/\/www.lab.eus\/es\/wp-json\/wp\/v2\/comments?post=38166"}],"version-history":[{"count":0,"href":"https:\/\/www.lab.eus\/es\/wp-json\/wp\/v2\/posts\/38166\/revisions"}],"wp:featuredmedia":[{"embeddable":true,"href":"https:\/\/www.lab.eus\/es\/wp-json\/wp\/v2\/media\/38163"}],"wp:attachment":[{"href":"https:\/\/www.lab.eus\/es\/wp-json\/wp\/v2\/media?parent=38166"}],"wp:term":[{"taxonomy":"category","embeddable":true,"href":"https:\/\/www.lab.eus\/es\/wp-json\/wp\/v2\/categories?post=38166"},{"taxonomy":"post_tag","embeddable":true,"href":"https:\/\/www.lab.eus\/es\/wp-json\/wp\/v2\/tags?post=38166"}],"curies":[{"name":"wp","href":"https:\/\/api.w.org\/{rel}","templated":true}]}}