{"id":38075,"date":"2021-09-22T09:14:49","date_gmt":"2021-09-22T09:14:49","guid":{"rendered":"https:\/\/www.lab.eus\/?p=38075"},"modified":"2021-09-22T09:16:42","modified_gmt":"2021-09-22T09:16:42","slug":"la-mesa-de-las-residencias-de-araba-camino-de-constituirse","status":"publish","type":"post","link":"https:\/\/www.lab.eus\/es\/la-mesa-de-las-residencias-de-araba-camino-de-constituirse\/","title":{"rendered":"La mesa de residencias de mayores de Araba, camino de constituirse"},"content":{"rendered":"\n<p>Tras dos a\u00f1os y medio de lucha, la mesa negociadora de las condiciones laborales de las y los trabajadores de residencias privadas y viviendas comunitarias de Araba est\u00e1 en v\u00edas de constituirse. En concreto, las organizaciones empresariales han respondido al <a href=\"https:\/\/www.lab.eus\/es\/hemos-convocado-a-las-asociaciones-empresariales-de-residencias-de-mayores-de-araba-a-una-reunion-en-el-preco-el-21-de-septiembre\/\">llamamiento realizado por los sindicatos<\/a> y han asistido a la reuni\u00f3n establecida en el PRECO. A\u00fan est\u00e1 por determinar qu\u00e9 representaci\u00f3n tendr\u00e1 la patronal, pero las asociaciones empresariales han informado de que en la pr\u00f3xima reuni\u00f3n se fijar\u00e1 la composici\u00f3n de la mesa. El 13 de octubre tendr\u00e1 lugar la segunda reuni\u00f3n, con el objetivo de un convenio provincial digno.<\/p>\n","protected":false},"excerpt":{"rendered":"<p>Las organizaciones empresariales han respondido al llamamiento realizado por los sindicatos y han asistido a la reuni\u00f3n establecida en el PRECO. El 13 de octubre tendr\u00e1 lugar la segunda reuni\u00f3n, con el objetivo de un convenio provincial digno.<\/p>\n","protected":false},"author":1189,"featured_media":38078,"comment_status":"closed","ping_status":"closed","sticky":false,"template":"","format":"standard","meta":{"_monsterinsights_skip_tracking":false,"_monsterinsights_sitenote_active":false,"_monsterinsights_sitenote_note":"","_monsterinsights_sitenote_category":0,"footnotes":"","_links_to":"","_links_to_target":""},"categories":[18,3000,6],"tags":[3033,3178,3217,3171],"class_list":{"0":"post-38075","1":"post","2":"type-post","3":"status-publish","4":"format-standard","5":"has-post-thumbnail","7":"category-es-accion-sindical","8":"category-servicio-sociocomunitario","9":"category-es-servicios-publicos","10":"tag-accion-sindical-es","11":"tag-destacado-1","12":"tag-servicios-sociocomunitarios","13":"tag-servicios-publicos-es"},"_links":{"self":[{"href":"https:\/\/www.lab.eus\/es\/wp-json\/wp\/v2\/posts\/38075","targetHints":{"allow":["GET"]}}],"collection":[{"href":"https:\/\/www.lab.eus\/es\/wp-json\/wp\/v2\/posts"}],"about":[{"href":"https:\/\/www.lab.eus\/es\/wp-json\/wp\/v2\/types\/post"}],"author":[{"embeddable":true,"href":"https:\/\/www.lab.eus\/es\/wp-json\/wp\/v2\/users\/1189"}],"replies":[{"embeddable":true,"href":"https:\/\/www.lab.eus\/es\/wp-json\/wp\/v2\/comments?post=38075"}],"version-history":[{"count":0,"href":"https:\/\/www.lab.eus\/es\/wp-json\/wp\/v2\/posts\/38075\/revisions"}],"wp:featuredmedia":[{"embeddable":true,"href":"https:\/\/www.lab.eus\/es\/wp-json\/wp\/v2\/media\/38078"}],"wp:attachment":[{"href":"https:\/\/www.lab.eus\/es\/wp-json\/wp\/v2\/media?parent=38075"}],"wp:term":[{"taxonomy":"category","embeddable":true,"href":"https:\/\/www.lab.eus\/es\/wp-json\/wp\/v2\/categories?post=38075"},{"taxonomy":"post_tag","embeddable":true,"href":"https:\/\/www.lab.eus\/es\/wp-json\/wp\/v2\/tags?post=38075"}],"curies":[{"name":"wp","href":"https:\/\/api.w.org\/{rel}","templated":true}]}}