{"id":37941,"date":"2021-09-14T12:59:20","date_gmt":"2021-09-14T12:59:20","guid":{"rendered":"https:\/\/www.lab.eus\/?p=37941"},"modified":"2021-09-14T12:59:21","modified_gmt":"2021-09-14T12:59:21","slug":"la-mesa-de-dialogo-social-no-tiene-mas-objetivo-que-facilitar-el-camino-a-la-agenda-de-la-patronal-y-justificar-al-gobierno-vasco","status":"publish","type":"post","link":"https:\/\/www.lab.eus\/es\/la-mesa-de-dialogo-social-no-tiene-mas-objetivo-que-facilitar-el-camino-a-la-agenda-de-la-patronal-y-justificar-al-gobierno-vasco\/","title":{"rendered":"La Mesa de Di\u00e1logo Social no tiene m\u00e1s objetivo que facilitar el camino a la agenda de la patronal y justificar al Gobierno Vasco"},"content":{"rendered":"\n<p>El acuerdo de hoy es puro marketing y ratifica lo dicho por LAB en varias ocasiones, la Mesa del Di\u00e1logo Social no tiene otro objetivo que dar paso a la agenda de la patronal y justificar al Gobierno Vasco. LAB ha sido muy cr\u00edtico desde el principio con el modelo de di\u00e1logo social que se ha venido implantando. Y decimos con el modelo y no con la v\u00eda del di\u00e1logo y el acuerdo, porque muchas veces reivindicamos la necesidad de acuerdos. En el contexto de la huelga general de 2019 convocamos un Acuerdo Interprofesional sobre temas concretos y que no supone ning\u00fan ejercicio de desobediencia, por ejemplo, para decidir el salario m\u00ednimo seg\u00fan los par\u00e1metros de aqu\u00ed.<\/p>\n\n\n\n<p>En cuanto a la Industria 4.0, LAB ha precisado que las empresas est\u00e1n despidiendo trabajadores y trabajadoras y destruyendo empleo. Mientras las y los trabajadores luchan en defensa de los puestos de trabajo, el Gobierno est\u00e1 apoyando a la patronal, abandonando a los y las trabajadoras. Con el acuerdo de hoy, una vez m\u00e1s, quieren que la transici\u00f3n industrial tambi\u00e9n la paguen los y las trabajadoras, dejando las manos libres a la patronal para hacer despidos.<\/p>\n\n\n\n<p>Por otro lado, la patronal no tiene voluntad real de dar los pasos necesarios en igualdad, tal y como se est\u00e1 demostrando en la negociaci\u00f3n colectiva. La patronal no quiere acabar con la brecha y tal y como estamos viendo, el Gobierno tampoco, si no, mejorar\u00eda las condiciones laborales de las mujeres que est\u00e1n trabajando subcontratadas para ella.<\/p>\n\n\n\n<p>En cuanto a la especializaci\u00f3n, han acordado una cualificaci\u00f3n y especializaci\u00f3n profesional a medida de la patronal para seguir multiplicando sus beneficios. La cualificaci\u00f3n y especializaci\u00f3n deber\u00eda servir para dignificar las condiciones laborales de los trabajadores y trabajadoras mayoritarios de este pa\u00eds y garantizar el empleo.<\/p>\n\n\n\n<p>Por tanto, podemos concluir que lo acordado en la Mesa de Di\u00e1logo Social responde exclusivamente a los intereses de la patronal, excluyendo a las y los trabajadores. Por otra parte, lo acordado permite al Gobierno Vasco continuar con su campa\u00f1a de m\u00e1rketing mientras apoya las pol\u00edticas de Confebask de precarizaci\u00f3n y p\u00e9rdida de empleo. En cuanto a CCOO y UGT, se han vendido a cambio de salir en la foto. Para terminar, la Mesa de Di\u00e1logo Social no responde a las necesidades de las y los trabajadores de la CAV.<\/p>\n","protected":false},"excerpt":{"rendered":"<p>El sindicato ha sido muy cr\u00edtico desde el principio con el modelo de di\u00e1logo social que se ha venido implantando. Y decimos con el modelo, no con la v\u00eda del di\u00e1logo y el acuerdo, porque muchas veces reivindicamos la necesidad de acuerdos. <\/p>\n","protected":false},"author":1189,"featured_media":20706,"comment_status":"closed","ping_status":"closed","sticky":false,"template":"","format":"standard","meta":{"_monsterinsights_skip_tracking":false,"_monsterinsights_sitenote_active":false,"_monsterinsights_sitenote_note":"","_monsterinsights_sitenote_category":0,"footnotes":"","_links_to":"","_links_to_target":""},"categories":[3402,18,2994],"tags":[3033,3182,3178],"class_list":{"0":"post-37941","1":"post","2":"type-post","3":"status-publish","4":"format-standard","5":"has-post-thumbnail","7":"category-accion-politica","8":"category-es-accion-sindical","9":"category-accion-social","10":"tag-accion-sindical-es","11":"tag-accion-social-es","12":"tag-destacado-1"},"_links":{"self":[{"href":"https:\/\/www.lab.eus\/es\/wp-json\/wp\/v2\/posts\/37941","targetHints":{"allow":["GET"]}}],"collection":[{"href":"https:\/\/www.lab.eus\/es\/wp-json\/wp\/v2\/posts"}],"about":[{"href":"https:\/\/www.lab.eus\/es\/wp-json\/wp\/v2\/types\/post"}],"author":[{"embeddable":true,"href":"https:\/\/www.lab.eus\/es\/wp-json\/wp\/v2\/users\/1189"}],"replies":[{"embeddable":true,"href":"https:\/\/www.lab.eus\/es\/wp-json\/wp\/v2\/comments?post=37941"}],"version-history":[{"count":0,"href":"https:\/\/www.lab.eus\/es\/wp-json\/wp\/v2\/posts\/37941\/revisions"}],"wp:featuredmedia":[{"embeddable":true,"href":"https:\/\/www.lab.eus\/es\/wp-json\/wp\/v2\/media\/20706"}],"wp:attachment":[{"href":"https:\/\/www.lab.eus\/es\/wp-json\/wp\/v2\/media?parent=37941"}],"wp:term":[{"taxonomy":"category","embeddable":true,"href":"https:\/\/www.lab.eus\/es\/wp-json\/wp\/v2\/categories?post=37941"},{"taxonomy":"post_tag","embeddable":true,"href":"https:\/\/www.lab.eus\/es\/wp-json\/wp\/v2\/tags?post=37941"}],"curies":[{"name":"wp","href":"https:\/\/api.w.org\/{rel}","templated":true}]}}