{"id":37928,"date":"2021-09-13T14:05:48","date_gmt":"2021-09-13T14:05:48","guid":{"rendered":"https:\/\/www.lab.eus\/?p=37928"},"modified":"2021-09-13T14:05:49","modified_gmt":"2021-09-13T14:05:49","slug":"vamos-a-utilizar-todas-las-herramientas-que-la-instruccion-pone-en-nuestras-manos-para-aclarar-lo-ocurrido-en-la-ope-de-osakidetza","status":"publish","type":"post","link":"https:\/\/www.lab.eus\/es\/vamos-a-utilizar-todas-las-herramientas-que-la-instruccion-pone-en-nuestras-manos-para-aclarar-lo-ocurrido-en-la-ope-de-osakidetza\/","title":{"rendered":"Vamos a utilizar todas las herramientas que la instrucci\u00f3n pone en nuestras manos para aclarar lo ocurrido en la OPE de Osakidetza"},"content":{"rendered":"\n<p>Hemos presentado en los juzgados de Gasteiz, ante la audiencia provincial de Araba, el recurso de apelaci\u00f3n al \u00faltimo auto relativo a las instrucci\u00f3n sobre las filtraciones de la OPE de Osakidetza 2016-17.<\/p>\n\n\n\n<p>LAB va a seguir poniendo todas las fuerzas en este procedimiento judicial y utilizando todas las herramientas que la instrucci\u00f3n pone en sus manos para aclarar lo ocurrido en esa OPE. En ese sentido, los ex directores de Osakidetza e IVAP tienen las respuestas a las inc\u00f3gnitas m\u00e1s importantes en este caso.<\/p>\n\n\n\n<p>Controlar a las y los m\u00e9dicos significa tener controlada una parte importante de la gobernanza de Osakidetza, y Osakidetza sabe que en la escasez se genera obediencia. En la categor\u00eda de facultativos y facultativas, la falta de puestos de trabajo estructurales es un 30% superior al resto de categor\u00edas. Hist\u00f3ricamente, Osakidetza ha utilizado esa escasez para comprar a trav\u00e9s de filtraciones la obediencia de personas clave de los centros hospitalarios.<\/p>\n\n\n\n<p>Las filtraciones en los ex\u00e1menes de facultativas facultativos no se han producido al margen de Darp\u00f3n, M\u00fagica, Balerdi, Soto, Arcelay y Aparicio, sino gracias a las decisiones tomadas por ese n\u00facleo operativo. Las y los miembros de ese nucleo operativo implementaron medidas con el objetivo de dar la impresi\u00f3n de legalidad ante las dudas crecientes, pero las cosas se seguir\u00edan haciendo igual.<\/p>\n\n\n\n<p>La participaci\u00f3n en el IVAP es quiz\u00e1s la m\u00e1s importante de estas medidas: que el IVAP realizara los ex\u00e1menes fue presentado como una garant\u00eda por ser un ente ajeno al Osakidetza, pero gracias a esta instrucci\u00f3n, hemos sabido que los autores de los ex\u00e1menes utilizados por el IVAP fueron nombrados por Osakidetza, en una reuni\u00f3n que celebr\u00f3 el n\u00facleo operativo con Darp\u00f3n y Arcelay a la cabeza.<\/p>\n\n\n\n<p>El \u00abmanual operativo\u00bb fue presentado en la misma direcci\u00f3n, como una garant\u00eda m\u00e1s en el procedimiento, pero luego hemos sabido, gracias a la instrucci\u00f3n judicial, que este n\u00facleo operativo autorizaba a los miembros de los tribunales a no cumplir el manual, por ejemplo, para romper el anonimato de las y los opositores. Estas autorizaciones est\u00e1n redactadas y obran en la causa.<\/p>\n\n\n\n<p>Hasta la denuncia p\u00fablica, en Osakidetza estaban llegando denuncias en algunas categor\u00edas, pl\u00e1stica, cardiolog\u00eda, angiolog\u00eda, anestesia, etc. En todos los casos la actitud de Osakidetza fue la de no canalizar las denuncias, hay numerosos ejemplos, pero en cardiolog\u00eda, angiolog\u00eda y pl\u00e1stica ha quedado muy patente la actitud pasiva e incluso obstructiva de este n\u00facleo operativo.<\/p>\n\n\n\n<p>Una vez hecha la denuncia p\u00fablica, y obligados por la dimensi\u00f3n del esc\u00e1ndalo, se abrieron expedientes de investigaci\u00f3n donde antes decidieron que no hab\u00eda elementos para investigar.<\/p>\n\n\n\n<p>Para la elaboraci\u00f3n de los expedientes de investigaci\u00f3n, Osakidetza design\u00f3 a algunos de los responsables de la organizaci\u00f3n de la OPE (y que eran miembros del n\u00facleo operativo), a miembros destacados del PNV e incluso a miembros de tribunales.<\/p>\n\n\n\n<p>Todas las investigaciones recogieron la misma conclusi\u00f3n: \u00abNo hay pruebas\u201d. LAB debe decir que no las buscaron. Quienes denunciamos las filtraciones, mientras tanto, est\u00e1bamos recibiendo amenazas y desprecios de parte de Darp\u00f3n en el parlamento.<\/p>\n\n\n\n<p>El informe psicom\u00e9trico de Oviedo tambi\u00e9n ten\u00eda como objetivo oculto no realizar una investigaci\u00f3n reveladora. Su autor ha dejado claro en sede parlamentaria y judicial que el estudio encargado no serv\u00eda para identificar ni ubicar las filtraciones. As\u00ed se lo comunic\u00f3 a los miembros del n\u00facleo operativo desde el primer momento.<\/p>\n\n\n\n<p>\u00c9stos son algunos argumentos de todos los que hay para volver a pedir la declaraci\u00f3n de los miembros de ese n\u00facleo operativo en calidad de investigados. Existen muchos elementos m\u00e1s, por eso seguimos pensando que ese n\u00facleo operativo cometi\u00f3 muchos y graves delitos.<\/p>\n\n\n\n<p>Las consecuencias de lo ejecutado por este n\u00facleo operativo son miles de facultativas y facultativos estafados, 13 categor\u00edas paralizadas, en las que no habr\u00e1 nuevas OPE ni procesos de traslado, etc. Estas personas y el sistema sanitario p\u00fablico son las v\u00edctimas reales. La OPE fue un desastre y adem\u00e1s, se rompi\u00f3 la legalidad.<\/p>\n\n\n\n<p>No hay argumentos posibles para sacar pecho de esta gesti\u00f3n y s\u00ed hay muchos para pedir disculpas y exigir todas las aclaraciones y responsabilidades que correspondan en los juzgados.<\/p>\n","protected":false},"excerpt":{"rendered":"<p>Hemos presentado en los juzgados de Gasteiz, ante la audiencia provincial de Araba, el recurso de apelaci\u00f3n al \u00faltimo auto relativo a las instrucci\u00f3n sobre las filtraciones de la OPE de Osakidetza 2016-17.<\/p>\n","protected":false},"author":1189,"featured_media":36428,"comment_status":"closed","ping_status":"closed","sticky":false,"template":"","format":"standard","meta":{"_monsterinsights_skip_tracking":false,"_monsterinsights_sitenote_active":false,"_monsterinsights_sitenote_note":"","_monsterinsights_sitenote_category":0,"footnotes":"","_links_to":"","_links_to_target":""},"categories":[18,3097,3126,6],"tags":[3178,3195,3100,3171],"class_list":{"0":"post-37928","1":"post","2":"type-post","3":"status-publish","4":"format-standard","5":"has-post-thumbnail","7":"category-es-accion-sindical","8":"category-sanidad","9":"category-sanidad-es","10":"category-es-servicios-publicos","11":"tag-destacado-1","12":"tag-osakidetza-es","13":"tag-sanidad-es","14":"tag-servicios-publicos-es"},"_links":{"self":[{"href":"https:\/\/www.lab.eus\/es\/wp-json\/wp\/v2\/posts\/37928","targetHints":{"allow":["GET"]}}],"collection":[{"href":"https:\/\/www.lab.eus\/es\/wp-json\/wp\/v2\/posts"}],"about":[{"href":"https:\/\/www.lab.eus\/es\/wp-json\/wp\/v2\/types\/post"}],"author":[{"embeddable":true,"href":"https:\/\/www.lab.eus\/es\/wp-json\/wp\/v2\/users\/1189"}],"replies":[{"embeddable":true,"href":"https:\/\/www.lab.eus\/es\/wp-json\/wp\/v2\/comments?post=37928"}],"version-history":[{"count":0,"href":"https:\/\/www.lab.eus\/es\/wp-json\/wp\/v2\/posts\/37928\/revisions"}],"wp:featuredmedia":[{"embeddable":true,"href":"https:\/\/www.lab.eus\/es\/wp-json\/wp\/v2\/media\/36428"}],"wp:attachment":[{"href":"https:\/\/www.lab.eus\/es\/wp-json\/wp\/v2\/media?parent=37928"}],"wp:term":[{"taxonomy":"category","embeddable":true,"href":"https:\/\/www.lab.eus\/es\/wp-json\/wp\/v2\/categories?post=37928"},{"taxonomy":"post_tag","embeddable":true,"href":"https:\/\/www.lab.eus\/es\/wp-json\/wp\/v2\/tags?post=37928"}],"curies":[{"name":"wp","href":"https:\/\/api.w.org\/{rel}","templated":true}]}}