{"id":37913,"date":"2021-09-13T10:56:24","date_gmt":"2021-09-13T10:56:24","guid":{"rendered":"https:\/\/www.lab.eus\/?p=37913"},"modified":"2021-09-13T10:56:25","modified_gmt":"2021-09-13T10:56:25","slug":"hemos-recordado-en-donostia-a-las-y-los-ciudadanos-que-lucharon-en-defensa-de-las-libertades","status":"publish","type":"post","link":"https:\/\/www.lab.eus\/es\/hemos-recordado-en-donostia-a-las-y-los-ciudadanos-que-lucharon-en-defensa-de-las-libertades\/","title":{"rendered":"Hemos recordado en Donostia a las y los ciudadanos que lucharon en defensa de las libertades"},"content":{"rendered":"\n<p>Se cumplen 85 a\u00f1os de la entrada de las tropas golpistas de Franco en Donostia. A propuesta de LAB, se aprob\u00f3 en el Consejo Sectorial de la Memoria Hist\u00f3rica la designaci\u00f3n del 13 de septiembre como el d\u00eda de la memoria y recuerdo a todos y todas las donostiarras asesinadas y represaliadas.<\/p>\n\n\n\n<p>Desde LAB realizamos una propuesta en el Consejo Sectorial de Memoria Hist\u00f3rica en la cual propusimos que todas las sensibilidades de nuestra sociedad propiciaran un acto com\u00fan de recuerdo y homenaje a los represaliados\/as por la dictadura franquista. Lamentablemente, la actitud de Alcald\u00eda sigue condicionando, este a\u00f1o tambi\u00e9n, la posibilidad de abordar esta convocatoria unitaria.<\/p>\n\n\n\n<p>En todo caso, entendemos que, a pesar de la situaci\u00f3n actual, desde LAB no podemos dejar de convocar este acto de homenaje. As\u00ed, este a\u00f1o tambi\u00e9n, desde LAB hemos recordado a todas y todos los asesinados por la represi\u00f3n del Estado, desde el golpe de estado franquista hasta el d\u00eda de hoy.<\/p>\n\n\n\n<p>En esta ocasi\u00f3n, hemos hecho tambi\u00e9n especial menci\u00f3n a las personas trabajadoras del ayuntamiento de Donostia represaliadas y\/o asesinadas por la dictadura franquista. Recordamos que sigue abierta la v\u00eda judicial y de la querella argentina a la cual, entendemos, este ayuntamiento tiene la posibilidad y el deber moral de personarse\/sumarse como parte interesada\/afectada en representaci\u00f3n de las personas trabajadoras y representantes municipales asesinadas por la dictadura franquista.<\/p>\n\n\n\n<p>No permitiremos el olvido de quienes lucharon en defensa de las libertades. Por eso, hemos realizado el acto de recuerdo y homenaje a todas y todos ellos\u00a0en el monolito de Ijentea\u00a0en recuerdo a las v\u00edctimas del franquismo.<\/p>\n","protected":false},"excerpt":{"rendered":"<p>Se cumplen 85 a\u00f1os de la entrada de las tropas golpistas de Franco en Donostia. As\u00ed, con la llegada del 13 de septiembre, hemos realizado un acto de homenaje en el monolito de Ijentea en recuerdo a las v\u00edctimas del franquismo.<\/p>\n","protected":false},"author":1189,"featured_media":37910,"comment_status":"closed","ping_status":"closed","sticky":false,"template":"","format":"standard","meta":{"_monsterinsights_skip_tracking":false,"_monsterinsights_sitenote_active":false,"_monsterinsights_sitenote_note":"","_monsterinsights_sitenote_category":0,"footnotes":"","_links_to":"","_links_to_target":""},"categories":[3402,3301,3283],"tags":[3178,3364,3231],"class_list":{"0":"post-37913","1":"post","2":"type-post","3":"status-publish","4":"format-standard","5":"has-post-thumbnail","7":"category-accion-politica","8":"category-euskal-herria-es-2","9":"category-sin-categorizar","10":"tag-destacado-1","11":"tag-donostia-es","12":"tag-euskal-herria-es"},"_links":{"self":[{"href":"https:\/\/www.lab.eus\/es\/wp-json\/wp\/v2\/posts\/37913","targetHints":{"allow":["GET"]}}],"collection":[{"href":"https:\/\/www.lab.eus\/es\/wp-json\/wp\/v2\/posts"}],"about":[{"href":"https:\/\/www.lab.eus\/es\/wp-json\/wp\/v2\/types\/post"}],"author":[{"embeddable":true,"href":"https:\/\/www.lab.eus\/es\/wp-json\/wp\/v2\/users\/1189"}],"replies":[{"embeddable":true,"href":"https:\/\/www.lab.eus\/es\/wp-json\/wp\/v2\/comments?post=37913"}],"version-history":[{"count":0,"href":"https:\/\/www.lab.eus\/es\/wp-json\/wp\/v2\/posts\/37913\/revisions"}],"wp:featuredmedia":[{"embeddable":true,"href":"https:\/\/www.lab.eus\/es\/wp-json\/wp\/v2\/media\/37910"}],"wp:attachment":[{"href":"https:\/\/www.lab.eus\/es\/wp-json\/wp\/v2\/media?parent=37913"}],"wp:term":[{"taxonomy":"category","embeddable":true,"href":"https:\/\/www.lab.eus\/es\/wp-json\/wp\/v2\/categories?post=37913"},{"taxonomy":"post_tag","embeddable":true,"href":"https:\/\/www.lab.eus\/es\/wp-json\/wp\/v2\/tags?post=37913"}],"curies":[{"name":"wp","href":"https:\/\/api.w.org\/{rel}","templated":true}]}}