{"id":37880,"date":"2021-09-10T13:14:55","date_gmt":"2021-09-10T13:14:55","guid":{"rendered":"https:\/\/www.lab.eus\/?p=37880"},"modified":"2021-09-10T13:14:57","modified_gmt":"2021-09-10T13:14:57","slug":"hemos-puesto-encima-de-la-mesa-la-complicidad-del-gobierno-vasco-con-la-patronal-y-la-inaccion-del-departamento-de-trabajo","status":"publish","type":"post","link":"https:\/\/www.lab.eus\/es\/hemos-puesto-encima-de-la-mesa-la-complicidad-del-gobierno-vasco-con-la-patronal-y-la-inaccion-del-departamento-de-trabajo\/","title":{"rendered":"Hemos puesto encima de la mesa la complicidad del Gobierno Vasco con la patronal y la inacci\u00f3n del Departamento de Trabajo"},"content":{"rendered":"\n<p>Nos hemos reunido con el Departamento de Trabajo y Empleo que dirige Idoia Mendia. El secretario de Acci\u00f3n Sindical y Negociaci\u00f3n Colectiva del sindicato, Xabier Ugartemendia, y la responsable de an\u00e1lisis, Oihana Lopetegi, han denunciado la inacci\u00f3n y la falta de actuaci\u00f3n del Gobierno y del Departamento en diversos temas.<\/p>\n\n\n\n<p>En primer lugar, y en relaci\u00f3n con la crisis que ha creado la pandemia, LAB ha denunciado la actitud del Gobierno Vasco respecto al empleo. El Gobierno Vasco se ha situado al lado de la patronal y ha defendido los intereses de \u00e9sta, abandonando a los trabajadores y trabajadoras, y ha criminalizado a las y los trabajadores que est\u00e1n y han actuado en defensa de sus puestos de trabajo. Ante una situaci\u00f3n coyuntural, y viendo que ha apoyado las decisiones estructurales (destrucci\u00f3n de empleo) que han tomado las empreses, LAB ha preguntado al Gobierno Vasco si es esa la forma para representar a la mayor\u00eda de la sociedad.<\/p>\n\n\n\n<p>En segundo lugar, LAB tambi\u00e9n ha puesto sobre la mesa la precariedad que se est\u00e1 padeciendo en diferentes sectores. La mayor\u00eda son subcontratas de la administraci\u00f3n, muchas incluso sectores feminizados (residencias de ancianos, servicio a domicilio, comedores escolares, limpieza,&#8230;). Las mujeres que trabajan en \u00e9stas tienen unas condiciones laborales de verg\u00fcenza y el sindicato ha trasladado a la consejera su cr\u00edtica porque las administraciones, con el Departamento de Trabajo a la cabeza, no hacen nada para dignificar los puestos de trabajo de estas trabajadoras -aunque, subcontratadas, trabajen para la administraci\u00f3n&#8211;.<\/p>\n\n\n\n<p>La delegaci\u00f3n de LAB tambi\u00e9n se ha mostrado tajante en la reuni\u00f3nante la petici\u00f3n de hacer frente a la brecha salarial, denunciando que la respuesta del Gobierno Vasco a la huelga de estas mujeres para mejorar las condiciones laborales es la de establecer unos servicios m\u00ednimos excesivos, con el fin de debilitar la lucha.<\/p>\n\n\n\n<p>El tercer tema que ha abordado LAB en la reuni\u00f3n ha sido el de los accidentes laborales y las muertes en el trabajo. \u00c9stas no han cesado, en 2021 ya han muerto 46 trabajadores y trabajadoras en Euskal Herria. LAB ha puesto sobre la mesa que la actuaci\u00f3n que Osalan y el Gobierno Vasco est\u00e1n llevando a cabo con este tema es del todo insuficiente y la necesidad de tomar otro rumbo. En concreto, por un lado hay que interpelar y se\u00f1alar a la patronal, que es la culpable del incumplimiento de las medidas preventivas en las empresas, y por otro lado se necesitan inversiones para aumentar el n\u00famero de inspectoras e inspectores de trabajo.<\/p>\n","protected":false},"excerpt":{"rendered":"<p>Nos hemos reunido con el Departamento de Trabajo y Empleo que dirige Idoia Mendia. El secretario de Acci\u00f3n Sindical y Negociaci\u00f3n Colectiva del sindicato, Xabier Ugartemendia, y la responsable de an\u00e1lisis, Oihana Lopetegi, han denunciado la inacci\u00f3n y la falta de actuaci\u00f3n del Gobierno y del Departamento en diversos temas.<\/p>\n","protected":false},"author":1189,"featured_media":37879,"comment_status":"closed","ping_status":"closed","sticky":false,"template":"","format":"standard","meta":{"_monsterinsights_skip_tracking":false,"_monsterinsights_sitenote_active":false,"_monsterinsights_sitenote_note":"","_monsterinsights_sitenote_category":0,"footnotes":"","_links_to":"","_links_to_target":""},"categories":[3402,76,3283,11],"tags":[3178,3260],"class_list":{"0":"post-37880","1":"post","2":"type-post","3":"status-publish","4":"format-standard","5":"has-post-thumbnail","7":"category-accion-politica","8":"category-es-gobierno-vasco-es-servicios-publicos","9":"category-sin-categorizar","10":"category-es-sindicato-lab","11":"tag-destacado-1","12":"tag-sindicato-lab-es"},"_links":{"self":[{"href":"https:\/\/www.lab.eus\/es\/wp-json\/wp\/v2\/posts\/37880","targetHints":{"allow":["GET"]}}],"collection":[{"href":"https:\/\/www.lab.eus\/es\/wp-json\/wp\/v2\/posts"}],"about":[{"href":"https:\/\/www.lab.eus\/es\/wp-json\/wp\/v2\/types\/post"}],"author":[{"embeddable":true,"href":"https:\/\/www.lab.eus\/es\/wp-json\/wp\/v2\/users\/1189"}],"replies":[{"embeddable":true,"href":"https:\/\/www.lab.eus\/es\/wp-json\/wp\/v2\/comments?post=37880"}],"version-history":[{"count":0,"href":"https:\/\/www.lab.eus\/es\/wp-json\/wp\/v2\/posts\/37880\/revisions"}],"wp:featuredmedia":[{"embeddable":true,"href":"https:\/\/www.lab.eus\/es\/wp-json\/wp\/v2\/media\/37879"}],"wp:attachment":[{"href":"https:\/\/www.lab.eus\/es\/wp-json\/wp\/v2\/media?parent=37880"}],"wp:term":[{"taxonomy":"category","embeddable":true,"href":"https:\/\/www.lab.eus\/es\/wp-json\/wp\/v2\/categories?post=37880"},{"taxonomy":"post_tag","embeddable":true,"href":"https:\/\/www.lab.eus\/es\/wp-json\/wp\/v2\/tags?post=37880"}],"curies":[{"name":"wp","href":"https:\/\/api.w.org\/{rel}","templated":true}]}}