{"id":37870,"date":"2021-09-10T11:08:28","date_gmt":"2021-09-10T11:08:28","guid":{"rendered":"https:\/\/www.lab.eus\/?p=37870"},"modified":"2021-09-10T11:08:29","modified_gmt":"2021-09-10T11:08:29","slug":"hemos-denunciado-en-irunea-la-falta-de-voluntad-politica-para-abordar-el-problema-de-las-muertes-en-el-trabajo","status":"publish","type":"post","link":"https:\/\/www.lab.eus\/es\/hemos-denunciado-en-irunea-la-falta-de-voluntad-politica-para-abordar-el-problema-de-las-muertes-en-el-trabajo\/","title":{"rendered":"Hemos denunciado en Iru\u00f1ea la falta de voluntad pol\u00edtica para abordar el problema de las muertes en el trabajo"},"content":{"rendered":"\n<p>A convocatoria de la mayor\u00eda sindical vasca, nos hemos concentrado en Iru\u00f1ea, frente al Parlamento de Nafarroa, para denunciar los accidentes laborales mortales que se han producido en los \u00faltimos d\u00edas y exigir responsabilidades a las autoridades. En concreto, <a href=\"https:\/\/www.lab.eus\/2021ean-lan-istripuan-hildako-langileak\/\">son ya 46 las y los trabajadores fallecidos en lo que va de a\u00f1o<\/a> en Euskal Herria, 14 de ellos en Nafarroa. El a\u00f1o pasado 11 personas perdieron la vida en el citado herrialde a consecuencia de la siniestralidad laboral. Por tanto, pese a que a\u00fan restan meses para finalizar el a\u00f1o, el n\u00famero de muertes laborales ya es superior respecto a 2020.<\/p>\n\n\n\n<p>En la concentraci\u00f3n hemos denunciado que la ley de prevenci\u00f3n que est\u00e1 en marcha a nivel estatal desde 1997 no se cumple y eso, en lo que respecta a Nafarroa, es responsabilidad directa del Gobierno de Chivite: \u00abNunca hemos visto que se intente adquirir las competencias que le corresponden, no hay voluntad pol\u00edtica\u00bb.<\/p>\n\n\n\n<p>Es imprescindible socializar este grave problema en los t\u00e9rminos que corresponde: \u00abUna decisi\u00f3n pol\u00edtica bajar\u00eda inmediatamente la tasa de mortalidad. Para ello, hay que incrementar cuantitativamente el n\u00famero de inspectores y su competencia con car\u00e1cter de urgencia\u00bb.<\/p>\n","protected":false},"excerpt":{"rendered":"<p>A convocatoria de la mayor\u00eda sindical vasca, nos hemos concentrado en Iru\u00f1ea, frente al Parlamento de Nafarroa, para denunciar los accidentes laborales mortales que se han producido en los \u00faltimos d\u00edas y exigir responsabilidades a las autoridades.<\/p>\n","protected":false},"author":1189,"featured_media":37885,"comment_status":"closed","ping_status":"closed","sticky":false,"template":"","format":"standard","meta":{"_monsterinsights_skip_tracking":false,"_monsterinsights_sitenote_active":false,"_monsterinsights_sitenote_note":"","_monsterinsights_sitenote_category":0,"footnotes":"","_links_to":"","_links_to_target":""},"categories":[18,404,130,15,3283],"tags":[3033,3178,3263,3083],"class_list":{"0":"post-37870","1":"post","2":"type-post","3":"status-publish","4":"format-standard","5":"has-post-thumbnail","7":"category-es-accion-sindical","8":"category-es-gobierno-de-navarra","9":"category-es-la-precariedad-mata-es-salud-laboral","10":"category-es-salud-laboral","11":"category-sin-categorizar","12":"tag-accion-sindical-es","13":"tag-destacado-1","14":"tag-la-precariedad-mata-es-2","15":"tag-salud-laboral-es"},"_links":{"self":[{"href":"https:\/\/www.lab.eus\/es\/wp-json\/wp\/v2\/posts\/37870","targetHints":{"allow":["GET"]}}],"collection":[{"href":"https:\/\/www.lab.eus\/es\/wp-json\/wp\/v2\/posts"}],"about":[{"href":"https:\/\/www.lab.eus\/es\/wp-json\/wp\/v2\/types\/post"}],"author":[{"embeddable":true,"href":"https:\/\/www.lab.eus\/es\/wp-json\/wp\/v2\/users\/1189"}],"replies":[{"embeddable":true,"href":"https:\/\/www.lab.eus\/es\/wp-json\/wp\/v2\/comments?post=37870"}],"version-history":[{"count":0,"href":"https:\/\/www.lab.eus\/es\/wp-json\/wp\/v2\/posts\/37870\/revisions"}],"wp:featuredmedia":[{"embeddable":true,"href":"https:\/\/www.lab.eus\/es\/wp-json\/wp\/v2\/media\/37885"}],"wp:attachment":[{"href":"https:\/\/www.lab.eus\/es\/wp-json\/wp\/v2\/media?parent=37870"}],"wp:term":[{"taxonomy":"category","embeddable":true,"href":"https:\/\/www.lab.eus\/es\/wp-json\/wp\/v2\/categories?post=37870"},{"taxonomy":"post_tag","embeddable":true,"href":"https:\/\/www.lab.eus\/es\/wp-json\/wp\/v2\/tags?post=37870"}],"curies":[{"name":"wp","href":"https:\/\/api.w.org\/{rel}","templated":true}]}}