{"id":37561,"date":"2021-08-17T11:01:30","date_gmt":"2021-08-17T11:01:30","guid":{"rendered":"https:\/\/www.lab.eus\/?p=37561"},"modified":"2021-08-17T11:10:31","modified_gmt":"2021-08-17T11:10:31","slug":"dos-muertes-en-el-trabajo-en-el-plazo-de-cinco-dias","status":"publish","type":"post","link":"https:\/\/www.lab.eus\/es\/dos-muertes-en-el-trabajo-en-el-plazo-de-cinco-dias\/","title":{"rendered":"Dos muertes en el trabajo en el plazo de cinco d\u00edas"},"content":{"rendered":"\n<p>Ayer 16&nbsp; de agosto, muri\u00f3 otro trabajador en accidente laboral mortal no traum\u00e1tico. I.S.A., trabajador de Construcciones Moy\u00faa de 54 a\u00f1os, falleci\u00f3 en Ormaiztegi. Se trata del segundo trabajador muerto en accidente laboral en el plazo de cinco d\u00edas, ya que el pasado 12 de agosto muri\u00f3 M.S.L., trabajador de la UTE Donostiako Garbiketa en la capital de Gipuzkoa. Las compa\u00f1eras y compa\u00f1eros de \u00e9ste se han movilizado hoy ante las instalaciones de la empresa.<\/p>\n\n\n\n<p>Con este \u00faltimo fallecido, en Euskal Herria por lo menos 38 trabajadores y trabajadoras han fallecido en el trabajo o a consecuencia del mismo en 2021. Desde LAB, queremos mostrar nuestro apoyo y solidaridad a familiares, personas allegadas, compa\u00f1eros y compa\u00f1eras del trabajador muerto.<\/p>\n\n\n\n<p>Los accidentes no traum\u00e1ticos tambi\u00e9n son accidentes de trabajo. No se dan por casualidad en horario de trabajo, ni por mala suerte ni por fatalidad, como dicen los empresarios. Son consecuencia de las relaciones laborales, la precarizaci\u00f3n, la normativa laboral y la subcontrataci\u00f3n. Est\u00e1 demostrado que las condiciones de trabajo, presiones y estr\u00e9s son factores claves en accidentes cardiovasculares, que se han convertido en la mayor causa de accidentes laborales mortales. As\u00ed, en 2020, el 25% del total de accidentes mortales fueron no traum\u00e1ticos, y en lo que vamos de a\u00f1o ya son 10 las y los trabajadores fallecidos por esta causa.<\/p>\n\n\n\n<p>Detr\u00e1s de este accidente y de todos los accidentes de trabajo se encuentran las condiciones de trabajo y vida de la clase trabajadora; malas condiciones de trabajo como son los elevados ritmos de trabajo, las presiones y el autoritarismo, que provocan estr\u00e9s y derivado del mismo, numerosas patolog\u00edas en las trabajadoras y trabajadores.<\/p>\n\n\n\n<p>En LAB tenemos claro que tenemos derecho a un trabajo y a una vida dignas. Tenemos derecho a volver de nuestros trabajos sanos y salvas. Los accidentes laborales no son hechos aislados, son el reflejo de un modelo productivo en el que prima la econom\u00eda por encima de la salud y la vida de la clase trabajadora.<\/p>\n\n\n\n<p>Tenemos claro que la movilizaci\u00f3n y la lucha son las \u00fanicas armas que tenemos para acabar con esta lacra, ya que la soluci\u00f3n vendr\u00e1 de un cambio en las relaciones laborales y las reglas del juego. Necesitamos un cambio de modelo donde la salud y la vida de la clase trabajadora est\u00e9 en el centro. Y para ello, la movilizaci\u00f3n es fundamental. As\u00ed, LAB hace un llamamiento a trabajadoras y trabajadores a participar en las movilizaciones que se organicen en denuncia de esta nueva muerte.<\/p>\n","protected":false},"excerpt":{"rendered":"<p>Ayer 16  de agosto, muri\u00f3 otro trabajador en accidente laboral mortal no traum\u00e1tico. I.S.A., trabajador de Construcciones Moy\u00faa de 54 a\u00f1os, falleci\u00f3 en Ormaiztegi. Se trata del segundo trabajador muerto en accidente laboral en el plazo de cinco d\u00edas, ya que el pasado 12 de agosto muri\u00f3 M.S.L., trabajador de la UTE Donostiako Garbiketa en la capital de Gipuzkoa. Las compa\u00f1eras y compa\u00f1eros de \u00e9ste se han movilizado hoy ante las instalaciones de la empresa.<\/p>\n","protected":false},"author":1191,"featured_media":37564,"comment_status":"closed","ping_status":"closed","sticky":false,"template":"","format":"standard","meta":{"_monsterinsights_skip_tracking":false,"_monsterinsights_sitenote_active":false,"_monsterinsights_sitenote_note":"","_monsterinsights_sitenote_category":0,"footnotes":"","_links_to":"","_links_to_target":""},"categories":[18,130,15,2973],"tags":[3460,3033,3178,3263,3083,3334,3024],"class_list":{"0":"post-37561","1":"post","2":"type-post","3":"status-publish","4":"format-standard","5":"has-post-thumbnail","7":"category-es-accion-sindical","8":"category-es-la-precariedad-mata-es-salud-laboral","9":"category-es-salud-laboral","10":"category-secretarias","11":"tag-accidentes-laborales","12":"tag-accion-sindical-es","13":"tag-destacado-1","14":"tag-la-precariedad-mata-es-2","15":"tag-salud-laboral-es","16":"tag-secretaria-de-salud-laboral","17":"tag-secretarias"},"_links":{"self":[{"href":"https:\/\/www.lab.eus\/es\/wp-json\/wp\/v2\/posts\/37561","targetHints":{"allow":["GET"]}}],"collection":[{"href":"https:\/\/www.lab.eus\/es\/wp-json\/wp\/v2\/posts"}],"about":[{"href":"https:\/\/www.lab.eus\/es\/wp-json\/wp\/v2\/types\/post"}],"author":[{"embeddable":true,"href":"https:\/\/www.lab.eus\/es\/wp-json\/wp\/v2\/users\/1191"}],"replies":[{"embeddable":true,"href":"https:\/\/www.lab.eus\/es\/wp-json\/wp\/v2\/comments?post=37561"}],"version-history":[{"count":0,"href":"https:\/\/www.lab.eus\/es\/wp-json\/wp\/v2\/posts\/37561\/revisions"}],"wp:featuredmedia":[{"embeddable":true,"href":"https:\/\/www.lab.eus\/es\/wp-json\/wp\/v2\/media\/37564"}],"wp:attachment":[{"href":"https:\/\/www.lab.eus\/es\/wp-json\/wp\/v2\/media?parent=37561"}],"wp:term":[{"taxonomy":"category","embeddable":true,"href":"https:\/\/www.lab.eus\/es\/wp-json\/wp\/v2\/categories?post=37561"},{"taxonomy":"post_tag","embeddable":true,"href":"https:\/\/www.lab.eus\/es\/wp-json\/wp\/v2\/tags?post=37561"}],"curies":[{"name":"wp","href":"https:\/\/api.w.org\/{rel}","templated":true}]}}