{"id":37534,"date":"2021-08-13T12:35:11","date_gmt":"2021-08-13T12:35:11","guid":{"rendered":"https:\/\/www.lab.eus\/?p=37534"},"modified":"2021-08-13T12:44:17","modified_gmt":"2021-08-13T12:44:17","slug":"9-muertes-en-el-trabajo-desde-inicio-de-ano-en-euskal-herria-en-accidentes-no-traumaticos","status":"publish","type":"post","link":"https:\/\/www.lab.eus\/es\/9-muertes-en-el-trabajo-desde-inicio-de-ano-en-euskal-herria-en-accidentes-no-traumaticos\/","title":{"rendered":"9 muertes en el trabajo desde inicio de a\u00f1o en Euskal Herria en accidentes no traum\u00e1ticos"},"content":{"rendered":"\n<p>Ayer 12&nbsp; de agosto, tuvimos conocimiento de un nuevo accidente laboral mortal no traum\u00e1tico. El trabajador M.S.L., de la UTE Donostiako Garbiketa (compuesto por las empresas FCC y Serbitzu), falleci\u00f3 tras sentirse indispuesto de madrugada cuando se encontraba realizando tareas de limpieza viaria en Donostia. Con este \u00faltimo, en Euskal Herria por lo menos 37 trabajadores y trabajadoras han fallecido en el trabajo o a consecuencia del mismo en 2021. Desde LAB, queremos mostrar nuestro apoyo y solidaridad a familiares, personas allegadas, compa\u00f1eros y compa\u00f1eras del trabajador muerto.<\/p>\n\n\n\n<p>Los accidentes no traum\u00e1ticos tambi\u00e9n son accidentes de trabajo. No se dan por casualidad en horario de trabajo, ni por mala suerte ni por fatalidad, como dicen los empresarios. Son consecuencia de las relaciones laborales, la precarizaci\u00f3n, la normativa laboral y la subcontrataci\u00f3n. Est\u00e1 demostrado que las condiciones de trabajo, presiones y estr\u00e9s son factores claves en accidentes cardiovasculares, que se han convertido en la mayor causa de accidentes laborales mortales. As\u00ed, en 2020, el 25% del total de accidentes mortales fueron no traum\u00e1ticos, y en lo que vamos de a\u00f1o ya son 9 las y los trabajadores fallecidos por esta causa.<\/p>\n\n\n\n<p>Detr\u00e1s de este accidente y de todos los accidentes de trabajo se encuentran las condiciones de trabajo y vida de la clase trabajadora; malas condiciones de trabajo como son los elevados ritmos de trabajo, las presiones y el autoritarismo, que provocan estr\u00e9s y derivado del mismo, numerosas patolog\u00edas en las trabajadoras y trabajadores.<\/p>\n\n\n\n<p>En LAB tenemos claro que tenemos derecho a un trabajo y a una vida dignas. Tenemos derecho a volver de nuestros trabajos sanos y salvas. Los accidentes laborales no son hechos aislados, son el reflejo de un modelo productivo en el que prima la econom\u00eda por encima de la salud y la vida de la clase trabajadora.<\/p>\n\n\n\n<p>Tenemos claro que la movilizaci\u00f3n y la lucha son las \u00fanicas armas que tenemos para acabar con esta lacra, ya que la soluci\u00f3n vendr\u00e1 de un cambio en las relaciones laborales y las reglas del juego. Necesitamos un cambio de modelo donde la salud y la vida de la clase trabajadora est\u00e9 en el centro. Desde el sindicato LAB llamamos a la clase trabajadora a participar en la movilizaci\u00f3n que ha convocado el comit\u00e9 de empresa para denunciar este accidente. Ser\u00e1 el pr\u00f3ximo 17 de diciembre, martes, a la 13:00, en el pol\u00edgono 27 de Donostia, en el n\u00famero 10 de la avenida Ubarburu.<\/p>\n","protected":false},"excerpt":{"rendered":"<p>Ayer 12  de agosto, tuvimos conocimiento de un nuevo accidente laboral mortal no traum\u00e1tico. El trabajador M.S.L., de la UTE Donostiako Garbiketa (compuesto por las empresas FCC y Serbitzu), falleci\u00f3 tras sentirse indispuesto de madrugada cuando se encontraba realizando tareas de limpieza viaria en Donostia. Con este \u00faltimo, en Euskal Herria por lo menos 37 trabajadores y trabajadoras han fallecido en el trabajo o a consecuencia del mismo en 2021. Desde LAB, queremos mostrar nuestro apoyo y solidaridad a familiares, personas allegadas, compa\u00f1eros y compa\u00f1eras del trabajador muerto.<\/p>\n","protected":false},"author":1191,"featured_media":37493,"comment_status":"closed","ping_status":"closed","sticky":false,"template":"","format":"standard","meta":{"_monsterinsights_skip_tracking":false,"_monsterinsights_sitenote_active":false,"_monsterinsights_sitenote_note":"","_monsterinsights_sitenote_category":0,"footnotes":"","_links_to":"","_links_to_target":""},"categories":[18,130,15,2973],"tags":[3033,3178,3263,3083],"class_list":{"0":"post-37534","1":"post","2":"type-post","3":"status-publish","4":"format-standard","5":"has-post-thumbnail","7":"category-es-accion-sindical","8":"category-es-la-precariedad-mata-es-salud-laboral","9":"category-es-salud-laboral","10":"category-secretarias","11":"tag-accion-sindical-es","12":"tag-destacado-1","13":"tag-la-precariedad-mata-es-2","14":"tag-salud-laboral-es"},"_links":{"self":[{"href":"https:\/\/www.lab.eus\/es\/wp-json\/wp\/v2\/posts\/37534","targetHints":{"allow":["GET"]}}],"collection":[{"href":"https:\/\/www.lab.eus\/es\/wp-json\/wp\/v2\/posts"}],"about":[{"href":"https:\/\/www.lab.eus\/es\/wp-json\/wp\/v2\/types\/post"}],"author":[{"embeddable":true,"href":"https:\/\/www.lab.eus\/es\/wp-json\/wp\/v2\/users\/1191"}],"replies":[{"embeddable":true,"href":"https:\/\/www.lab.eus\/es\/wp-json\/wp\/v2\/comments?post=37534"}],"version-history":[{"count":0,"href":"https:\/\/www.lab.eus\/es\/wp-json\/wp\/v2\/posts\/37534\/revisions"}],"wp:featuredmedia":[{"embeddable":true,"href":"https:\/\/www.lab.eus\/es\/wp-json\/wp\/v2\/media\/37493"}],"wp:attachment":[{"href":"https:\/\/www.lab.eus\/es\/wp-json\/wp\/v2\/media?parent=37534"}],"wp:term":[{"taxonomy":"category","embeddable":true,"href":"https:\/\/www.lab.eus\/es\/wp-json\/wp\/v2\/categories?post=37534"},{"taxonomy":"post_tag","embeddable":true,"href":"https:\/\/www.lab.eus\/es\/wp-json\/wp\/v2\/tags?post=37534"}],"curies":[{"name":"wp","href":"https:\/\/api.w.org\/{rel}","templated":true}]}}