{"id":36878,"date":"2021-07-05T12:28:43","date_gmt":"2021-07-05T12:28:43","guid":{"rendered":"https:\/\/www.lab.eus\/?p=36878"},"modified":"2021-07-05T12:28:45","modified_gmt":"2021-07-05T12:28:45","slug":"limpiadoras-han-realizado-una-concentracion-en-los-banos-publicos-del-paseo-sarasate-de-irunea-para-evitar-su-cierre","status":"publish","type":"post","link":"https:\/\/www.lab.eus\/es\/limpiadoras-han-realizado-una-concentracion-en-los-banos-publicos-del-paseo-sarasate-de-irunea-para-evitar-su-cierre\/","title":{"rendered":"Limpiadoras han realizado una concentraci\u00f3n en los ba\u00f1os p\u00fablicos del Paseo Sarasate de Iru\u00f1ea para evitar su cierre"},"content":{"rendered":"\n<p>Hoy m\u00e1s de 30 personas se han concentrado junto a los ba\u00f1os p\u00fablicos del Paseo Sarasate para denunciar los planes de cierre de los mismos. Tal y como han explicado en la concentraci\u00f3n, las trabajadoras a las que ahora se quiere despedir dan un trato humano y ayudan a los usuarios que as\u00ed lo necesitan, a la vez que atienden a 10 veces m\u00e1s de personas que los lavabos autom\u00e1ticos. Por eso, han calificado este intento de cierre como un ataque a un servicio p\u00fablico.<\/p>\n\n\n\n<div class=\"wp-block-file\"><a href=\"https:\/\/www.lab.eus\/wp-content\/uploads\/2021\/07\/Hitzartzea-1.pdf\">Intervenci\u00f3n realizada en la concentraci\u00f3n<\/a><a href=\"https:\/\/www.lab.eus\/wp-content\/uploads\/2021\/07\/Hitzartzea-1.pdf\" class=\"wp-block-file__button\" download>Deskargatu<\/a><\/div>\n\n\n\n<p>En la concentraci\u00f3n han celebrado que hoy los ba\u00f1os de Sarasate cumplen 100 a\u00f1os, y han indicado que \u201csi se lucha se podr\u00e1n seguir celebrando muchos a\u00f1os m\u00e1s\u201d. En este sentido, han recordado que, gracias a la oposici\u00f3n de las trabajadoras, el ayuntamiento ha aparcado sus planes de cierre del resto de los ba\u00f1os p\u00fablicos.<\/p>\n","protected":false},"excerpt":{"rendered":"<p>En la concentraci\u00f3n han celebrado que hoy los ba\u00f1os de Sarasate cumplen 100 a\u00f1os, y han indicado que \u201csi se lucha se podr\u00e1n seguir celebrando muchos a\u00f1os m\u00e1s\u201d. <\/p>\n","protected":false},"author":1189,"featured_media":36872,"comment_status":"closed","ping_status":"closed","sticky":false,"template":"","format":"standard","meta":{"_monsterinsights_skip_tracking":false,"_monsterinsights_sitenote_active":false,"_monsterinsights_sitenote_note":"","_monsterinsights_sitenote_category":0,"footnotes":"","_links_to":"","_links_to_target":""},"categories":[18,3108,6,3283],"tags":[3033,3178,3171],"class_list":{"0":"post-36878","1":"post","2":"type-post","3":"status-publish","4":"format-standard","5":"has-post-thumbnail","7":"category-es-accion-sindical","8":"category-administracion-municipal-y-foral","9":"category-es-servicios-publicos","10":"category-sin-categorizar","11":"tag-accion-sindical-es","12":"tag-destacado-1","13":"tag-servicios-publicos-es"},"_links":{"self":[{"href":"https:\/\/www.lab.eus\/es\/wp-json\/wp\/v2\/posts\/36878","targetHints":{"allow":["GET"]}}],"collection":[{"href":"https:\/\/www.lab.eus\/es\/wp-json\/wp\/v2\/posts"}],"about":[{"href":"https:\/\/www.lab.eus\/es\/wp-json\/wp\/v2\/types\/post"}],"author":[{"embeddable":true,"href":"https:\/\/www.lab.eus\/es\/wp-json\/wp\/v2\/users\/1189"}],"replies":[{"embeddable":true,"href":"https:\/\/www.lab.eus\/es\/wp-json\/wp\/v2\/comments?post=36878"}],"version-history":[{"count":0,"href":"https:\/\/www.lab.eus\/es\/wp-json\/wp\/v2\/posts\/36878\/revisions"}],"wp:featuredmedia":[{"embeddable":true,"href":"https:\/\/www.lab.eus\/es\/wp-json\/wp\/v2\/media\/36872"}],"wp:attachment":[{"href":"https:\/\/www.lab.eus\/es\/wp-json\/wp\/v2\/media?parent=36878"}],"wp:term":[{"taxonomy":"category","embeddable":true,"href":"https:\/\/www.lab.eus\/es\/wp-json\/wp\/v2\/categories?post=36878"},{"taxonomy":"post_tag","embeddable":true,"href":"https:\/\/www.lab.eus\/es\/wp-json\/wp\/v2\/tags?post=36878"}],"curies":[{"name":"wp","href":"https:\/\/api.w.org\/{rel}","templated":true}]}}