{"id":36861,"date":"2021-07-05T10:23:26","date_gmt":"2021-07-05T10:23:26","guid":{"rendered":"https:\/\/www.lab.eus\/?p=36861"},"modified":"2021-07-05T10:23:27","modified_gmt":"2021-07-05T10:23:27","slug":"se-reanuda-la-toma-de-declaraciones-por-el-fraude-en-la-ope-de-osakidetza","status":"publish","type":"post","link":"https:\/\/www.lab.eus\/es\/se-reanuda-la-toma-de-declaraciones-por-el-fraude-en-la-ope-de-osakidetza\/","title":{"rendered":"Se reanuda la toma de declaraciones por el fraude en la OPE de Osakidetza"},"content":{"rendered":"\n<p>Esta semana se reanuda la toma de declaraci\u00f3n solicitada por el sindicato LAB de 6 personas en calidad de testigos y otras 5 personas en calidad de investigadas en el caso de la OPE fraudulenta de Osakidetza.<\/p>\n\n\n\n<p>Gran parte de las declaraciones nos aportar\u00e1n datos de los preparativos de la OPE y datos concretos de la participaci\u00f3n del IVAP. Hay categor\u00edas en la que la filtraci\u00f3n se produce tambi\u00e9n en ex\u00e1menes realizados por esta institucion, para ello vendr\u00e1n a testificar miembros del IVAP.&nbsp;<\/p>\n\n\n\n<p>Miembros del sindicato medico de Euskadi y de Osakidetza prestar\u00e1n declaraci\u00f3n para aclarar las cuestiones acerca del procedimiento acordado para las pruebas de facultativos y que supuso la firma del sindicato m\u00e9dico al acuerdo de OPE.&nbsp;<\/p>\n\n\n\n<p>Osakidetza utiliz\u00f3 las medidas acordadas como garant\u00eda de un procedimiento transparente de cara a las y los participantes, pero tras la denuncia de LAB ante la fiscal\u00eda, las y los autores de los ex\u00e1menes perdieron el anonimato, lo que evidenci\u00f3 la instrumentalizaci\u00f3n del IVAP. Podemos decir que la participaci\u00f3n del IVAP era totalmente instrumental, los expertos que realizaban las pruebas no eran nombrados por el IVAP, sino por la propio Osakidetza y la mayor\u00eda de esos expertos ya formaban parte de los tribunales calificadores.<\/p>\n\n\n\n<p>La categor\u00eda de cirug\u00eda pl\u00e1stica centrar\u00e1 junto con traumatolog\u00eda la atenci\u00f3n de los pr\u00f3ximos d\u00edas. Las 5 personas imputadas a petici\u00f3n de LAB tienen relaci\u00f3n con esas dos categor\u00edas.<\/p>\n\n\n\n<p>LAB quiere reafirmar una vez m\u00e1s su compromiso con procesos de OPE limpios que garanticen la igualdad, el m\u00e9rito y la capacidad de toda la sociedad vasca para acceder a un empleo p\u00fablico, en esta ocasi\u00f3n ejerciendo una acusaci\u00f3n popular activa que ha solicitado hasta el momento la pr\u00e1ctica totalidad de diligencias admitidas en el juzgado de instrucci\u00f3n N\u00ba2 de Vitoria-Gasteiz.&nbsp;<\/p>\n\n\n\n<p>Asimismo seguimos defendiendo que la falta de rigor en los mecanismos de garant\u00eda, la cantidad de grietas que tiene el proceso y diferentes actuaciones concretas, evidencian que la participaci\u00f3n de la direcci\u00f3n de Osakidetza en los t\u00e9rminos que se produjo era indispensable para que las filtraciones se produjesen y quedasen impunes.&nbsp;<\/p>\n\n\n\n<p>La denuncia de trabajadores, trabajadoras, partidos pol\u00edticos, ciudadan\u00eda y sindicatos como LAB, dio al traste con los planes de una red clientelar dedicada al reparto de puestos en la sanidad publica vasca y cuyo n\u00facleo operativo lo conformaban Jon Darp\u00f3n, M\u00aa Jesus Mugica, Xabier Balerdi, Juan Carlos Soro, Andoni Arcelay y Miriam Aparicio.<\/p>\n","protected":false},"excerpt":{"rendered":"<p>Esta semana se reanuda la toma de declaraci\u00f3n solicitada por el sindicato LAB de 6 personas en calidad de testigos y otras 5 personas en calidad de investigadas en el caso de la OPE fraudulenta de Osakidetza.<\/p>\n","protected":false},"author":1189,"featured_media":36428,"comment_status":"closed","ping_status":"closed","sticky":false,"template":"","format":"standard","meta":{"_monsterinsights_skip_tracking":false,"_monsterinsights_sitenote_active":false,"_monsterinsights_sitenote_note":"","_monsterinsights_sitenote_category":0,"footnotes":"","_links_to":"","_links_to_target":""},"categories":[3126,6],"tags":[3178,3195,3100],"class_list":{"0":"post-36861","1":"post","2":"type-post","3":"status-publish","4":"format-standard","5":"has-post-thumbnail","7":"category-sanidad-es","8":"category-es-servicios-publicos","9":"tag-destacado-1","10":"tag-osakidetza-es","11":"tag-sanidad-es"},"_links":{"self":[{"href":"https:\/\/www.lab.eus\/es\/wp-json\/wp\/v2\/posts\/36861","targetHints":{"allow":["GET"]}}],"collection":[{"href":"https:\/\/www.lab.eus\/es\/wp-json\/wp\/v2\/posts"}],"about":[{"href":"https:\/\/www.lab.eus\/es\/wp-json\/wp\/v2\/types\/post"}],"author":[{"embeddable":true,"href":"https:\/\/www.lab.eus\/es\/wp-json\/wp\/v2\/users\/1189"}],"replies":[{"embeddable":true,"href":"https:\/\/www.lab.eus\/es\/wp-json\/wp\/v2\/comments?post=36861"}],"version-history":[{"count":0,"href":"https:\/\/www.lab.eus\/es\/wp-json\/wp\/v2\/posts\/36861\/revisions"}],"wp:featuredmedia":[{"embeddable":true,"href":"https:\/\/www.lab.eus\/es\/wp-json\/wp\/v2\/media\/36428"}],"wp:attachment":[{"href":"https:\/\/www.lab.eus\/es\/wp-json\/wp\/v2\/media?parent=36861"}],"wp:term":[{"taxonomy":"category","embeddable":true,"href":"https:\/\/www.lab.eus\/es\/wp-json\/wp\/v2\/categories?post=36861"},{"taxonomy":"post_tag","embeddable":true,"href":"https:\/\/www.lab.eus\/es\/wp-json\/wp\/v2\/tags?post=36861"}],"curies":[{"name":"wp","href":"https:\/\/api.w.org\/{rel}","templated":true}]}}