{"id":36810,"date":"2021-07-02T08:48:00","date_gmt":"2021-07-02T08:48:00","guid":{"rendered":"https:\/\/www.lab.eus\/?p=36810"},"modified":"2021-07-02T11:50:08","modified_gmt":"2021-07-02T11:50:08","slug":"el-ere-de-caixabank-es-inmoral","status":"publish","type":"post","link":"https:\/\/www.lab.eus\/es\/el-ere-de-caixabank-es-inmoral\/","title":{"rendered":"El ERE de Caixabank es inmoral"},"content":{"rendered":"\n<p>Aunque se han eliminado los despidos forzosos, en opini\u00f3n de LAB y ELA se trata de un ERE inmoral.<\/p>\n\n\n\n<p>Hablamos de un ERE en una empresa que ha obtenido, seg\u00fan ha declarado ella misma, 4.786 millones de beneficios en el primer trimestre del a\u00f1o. En la que su presidente, Goirigolzarri, ha triplicado su salario. Y en la que en la junta general de accionistas varios puntos del orden del d\u00eda trataban de los incrementos de las retribuciones de ciertas personas.<\/p>\n\n\n\n<p>Y al mismo tiempo se destruyen m\u00e1s de 123 empleos en Euskal Herria (52 en Nafarroa, 18 en Bizkaia, 18 en Araba y 15 en Gipuzkoa).<\/p>\n\n\n\n<p>Un ERE con el que la empresa pretende seguir jibarizando las zonas rurales, dando pasos en la exclusi\u00f3n financiera en estas zonas. Aunque no haya cierres de oficinas, van a ver restringidos sus horarios y d\u00edas de apertura. En otros casos habr\u00e1 la mitad de personas trabajando en las oficinas. Este coctel conducir\u00e1 a que sea cada vez menos \u00fatiles para la clientela y para el entorno.<\/p>\n\n\n\n<p>En abril todos los sindicatos coincidimos en decir no al ERE. Tanto LAB como ELA seguimos pensando lo mismo. Este ERE no tiene ninguna justificaci\u00f3n y es inmoral.<\/p>\n","protected":false},"excerpt":{"rendered":"<p>En abril todos los sindicatos coincidimos en decir no al ERE. Tanto LAB como ELA seguimos pensando lo mismo. Este ERE no tiene ninguna justificaci\u00f3n y es inmoral.<\/p>\n","protected":false},"author":1189,"featured_media":36807,"comment_status":"closed","ping_status":"closed","sticky":false,"template":"","format":"standard","meta":{"_monsterinsights_skip_tracking":false,"_monsterinsights_sitenote_active":false,"_monsterinsights_sitenote_note":"","_monsterinsights_sitenote_category":0,"footnotes":"","_links_to":"","_links_to_target":""},"categories":[18,2936,8,3283],"tags":[3033,3178,3172],"class_list":{"0":"post-36810","1":"post","2":"type-post","3":"status-publish","4":"format-standard","5":"has-post-thumbnail","7":"category-es-accion-sindical","8":"category-banca","9":"category-es-servicios-privados","10":"category-sin-categorizar","11":"tag-accion-sindical-es","12":"tag-destacado-1","13":"tag-servicios-privados-es"},"_links":{"self":[{"href":"https:\/\/www.lab.eus\/es\/wp-json\/wp\/v2\/posts\/36810","targetHints":{"allow":["GET"]}}],"collection":[{"href":"https:\/\/www.lab.eus\/es\/wp-json\/wp\/v2\/posts"}],"about":[{"href":"https:\/\/www.lab.eus\/es\/wp-json\/wp\/v2\/types\/post"}],"author":[{"embeddable":true,"href":"https:\/\/www.lab.eus\/es\/wp-json\/wp\/v2\/users\/1189"}],"replies":[{"embeddable":true,"href":"https:\/\/www.lab.eus\/es\/wp-json\/wp\/v2\/comments?post=36810"}],"version-history":[{"count":0,"href":"https:\/\/www.lab.eus\/es\/wp-json\/wp\/v2\/posts\/36810\/revisions"}],"wp:featuredmedia":[{"embeddable":true,"href":"https:\/\/www.lab.eus\/es\/wp-json\/wp\/v2\/media\/36807"}],"wp:attachment":[{"href":"https:\/\/www.lab.eus\/es\/wp-json\/wp\/v2\/media?parent=36810"}],"wp:term":[{"taxonomy":"category","embeddable":true,"href":"https:\/\/www.lab.eus\/es\/wp-json\/wp\/v2\/categories?post=36810"},{"taxonomy":"post_tag","embeddable":true,"href":"https:\/\/www.lab.eus\/es\/wp-json\/wp\/v2\/tags?post=36810"}],"curies":[{"name":"wp","href":"https:\/\/api.w.org\/{rel}","templated":true}]}}