{"id":36777,"date":"2021-07-02T08:15:49","date_gmt":"2021-07-02T08:15:49","guid":{"rendered":"https:\/\/www.lab.eus\/?p=36777"},"modified":"2021-07-02T08:15:50","modified_gmt":"2021-07-02T08:15:50","slug":"despues-de-30-dias-en-huelga-la-plantilla-de-electroaceros-ha-vuelto-al-trabajo-tras-registrar-la-empresa-la-solicitud-de-cierre-de-la-planta","status":"publish","type":"post","link":"https:\/\/www.lab.eus\/es\/despues-de-30-dias-en-huelga-la-plantilla-de-electroaceros-ha-vuelto-al-trabajo-tras-registrar-la-empresa-la-solicitud-de-cierre-de-la-planta\/","title":{"rendered":"Despu\u00e9s de 30 d\u00edas en huelga, la plantilla de Electroaceros ha vuelto al trabajo tras registrar la empresa la solicitud de cierre de la planta"},"content":{"rendered":"\n<p>Tras un mes de huelga indefinida, la gerencia de Electroaceros ha presentado por fin una soluci\u00f3n para la planta del pol\u00edgono de Agustinos, que no es otra m\u00e1s que la solicitud al juzgado de lo mercantil de un concurso de acreedores para el cierre de la misma. Por supuesto, esta no es la soluci\u00f3n deseada ni por la plantilla ni por la representaci\u00f3n sindical, pero los trabajadores han valorado que ya no ten\u00eda sentido seguir con la huelga. El sindicato LAB quiere remarcar la dignidad demostrada por los huelguistas en su lucha por los puestos de trabajo.<\/p>\n\n\n\n<p>La representaci\u00f3n legal de los trabajadores de la empresa ha estado tres a\u00f1os detr\u00e1s de un plan de viabilidad que la empresa nunca ha llegado a presentarles, incluso redactaron una lista de m\u00faltiples medidas a tomar para la mejora econ\u00f3mica a la que la gerencia hizo caso omiso. Por parte de la empresa las \u00fanicas medidas tomadas fueron: La presentaci\u00f3n de un ERTE por causas econ\u00f3micas que no lleg\u00f3 a aplicar, la voluntad de aplicar una modificaci\u00f3n sustancial de las condiciones de trabajo que recortaba el salario a la mayor\u00eda de la plantilla y el atraso en el pago de las n\u00f3minas de los trabajadores desde diciembre de 2020, incluyendo el adeudo a d\u00eda de hoy de la n\u00f3mina de mayo al total de la plantilla.<\/p>\n\n\n\n<p>Con este panorama el d\u00eda 1 de junio, la plantilla de Electroaceros S.A. (propiedad de la familia Astibia) decidi\u00f3 por unanimidad en asamblea convocar una huelga indefinida. Los objetivos eran muy claros: cobrar la mitad de la n\u00f3mina de abril, que se adeudaba en ese momento, cobrar la n\u00f3mina de mayo y el principal, que la gerencia diese en firme una soluci\u00f3n a la mala gesti\u00f3n que se estaba dando en los \u00faltimos a\u00f1os en la empresa y que estaban haciendo ver a los trabajadores peligrar sus puestos de trabajo.<\/p>\n\n\n\n<p>El 27 de junio, casi despu\u00e9s de un mes en huelga indefinida, la gerencia present\u00f3 los papeles registrados para la petici\u00f3n al juzgado de lo mercantil de un concurso de acreedores para el cierre de la planta. Tanto desde el conjunto de la plantilla, como desde LAB y ELA (sindicatos con representaci\u00f3n en la empresa) hacemos \u00fanica responsable de este cierre a la gerencia de la empresa por su mala gesti\u00f3n y por su orgullo de no dejarse aconsejar en nada por parte de los delegados y la plantilla. Han dejado morir la empresa y no han tenido en cuenta que 37 trabajadores con 37 familias detr\u00e1s, van a perder su puesto de trabajo con una edad media de la plantilla de m\u00e1s de 50 a\u00f1os.<\/p>\n\n\n\n<p>Tras conocer la decisi\u00f3n final de la empresa, la asamblea de trabajadores ha decidido que no tiene sentido el continuar con la huelga y despu\u00e9s de 30 d\u00edas luchando con una dignidad que m\u00e1s quisiera la gerencia de la empresa, el d\u00eda 1 de julio han vuelto a sus puestos de trabajo a la espera de que el proceso del concurso siga su curso.<\/p>\n\n\n\n<p>Ante todo cabe remarcar la voluntad y la dignidad en la lucha que han mantenido en todo momento la plantilla, pese a provocaciones en alguna de las concentraciones y la tardanza de la gerencia en presentar una soluci\u00f3n a su situaci\u00f3n. La plantilla ha sabido mantenerse unida y en solidaridad los unos con los otros pese a la dr\u00e1stica y triste soluci\u00f3n que ha planteado la empresa.<\/p>\n","protected":false},"excerpt":{"rendered":"<p>Cabe remarcar la voluntad y la dignidad en la lucha que han mantenido en todo momento los trabajadores, pese a la dr\u00e1stica y triste soluci\u00f3n que ha planteado la empresa.<\/p>\n","protected":false},"author":1189,"featured_media":36774,"comment_status":"closed","ping_status":"closed","sticky":false,"template":"","format":"standard","meta":{"_monsterinsights_skip_tracking":false,"_monsterinsights_sitenote_active":false,"_monsterinsights_sitenote_note":"","_monsterinsights_sitenote_category":0,"footnotes":"","_links_to":"","_links_to_target":""},"categories":[18,2868,108,3283],"tags":[3033,3178,2996,3064],"class_list":{"0":"post-36777","1":"post","2":"type-post","3":"status-publish","4":"format-standard","5":"has-post-thumbnail","7":"category-es-accion-sindical","8":"category-industria-es","9":"category-es-metal","10":"category-sin-categorizar","11":"tag-accion-sindical-es","12":"tag-destacado-1","13":"tag-industria-es","14":"tag-metal-es"},"_links":{"self":[{"href":"https:\/\/www.lab.eus\/es\/wp-json\/wp\/v2\/posts\/36777","targetHints":{"allow":["GET"]}}],"collection":[{"href":"https:\/\/www.lab.eus\/es\/wp-json\/wp\/v2\/posts"}],"about":[{"href":"https:\/\/www.lab.eus\/es\/wp-json\/wp\/v2\/types\/post"}],"author":[{"embeddable":true,"href":"https:\/\/www.lab.eus\/es\/wp-json\/wp\/v2\/users\/1189"}],"replies":[{"embeddable":true,"href":"https:\/\/www.lab.eus\/es\/wp-json\/wp\/v2\/comments?post=36777"}],"version-history":[{"count":0,"href":"https:\/\/www.lab.eus\/es\/wp-json\/wp\/v2\/posts\/36777\/revisions"}],"wp:featuredmedia":[{"embeddable":true,"href":"https:\/\/www.lab.eus\/es\/wp-json\/wp\/v2\/media\/36774"}],"wp:attachment":[{"href":"https:\/\/www.lab.eus\/es\/wp-json\/wp\/v2\/media?parent=36777"}],"wp:term":[{"taxonomy":"category","embeddable":true,"href":"https:\/\/www.lab.eus\/es\/wp-json\/wp\/v2\/categories?post=36777"},{"taxonomy":"post_tag","embeddable":true,"href":"https:\/\/www.lab.eus\/es\/wp-json\/wp\/v2\/tags?post=36777"}],"curies":[{"name":"wp","href":"https:\/\/api.w.org\/{rel}","templated":true}]}}