{"id":36770,"date":"2021-07-02T08:00:27","date_gmt":"2021-07-02T08:00:27","guid":{"rendered":"https:\/\/www.lab.eus\/?p=36770"},"modified":"2021-07-02T08:07:18","modified_gmt":"2021-07-02T08:07:18","slug":"la-asamblea-de-trabajadoras-y-trabajadores-de-stadler-de-onati-convoca-huelga-en-defensa-de-los-puestos-de-trabajo","status":"publish","type":"post","link":"https:\/\/www.lab.eus\/es\/la-asamblea-de-trabajadoras-y-trabajadores-de-stadler-de-onati-convoca-huelga-en-defensa-de-los-puestos-de-trabajo\/","title":{"rendered":"La asamblea de trabajadoras y trabajadores de Stadler de O\u00f1ati convoca huelga en defensa de los puestos de trabajo"},"content":{"rendered":"\n<p>La empresa\u00a0STADLER, S.A<strong>.<\/strong>\u00a0de\u00a0O\u00f1ati,\u00a0dedicada a la fabricaci\u00f3n y comercializaci\u00f3n de piezas met\u00e1licas sinterizadas\u00a0y\u00a0con clientes del sector de la automoci\u00f3n,\u00a0ha presentado un ERE que conlleva el despido de 12 personas de un total de 65,\u00a0as\u00ed como una reducci\u00f3n del 30% en los salarios.<\/p>\n\n\n\n<p>Ante estas pretensiones de la Empresa, las y los trabajadores han decidido iniciar movilizaciones en defensa y garant\u00eda de los puestos de trabajo.&nbsp;Dichas movilizaciones se iniciaran el d\u00eda&nbsp;8 de julio, con un paro de 2 horas por turno de trabajo,&nbsp;continuando con un paro de 24 horas el d\u00eda 13 de julio.&nbsp;A&nbsp;partir del d\u00eda 16 de julio,&nbsp;la&nbsp;huelga&nbsp;ser\u00e1 indefinida.<\/p>\n\n\n\n<p>Las y los trabajadores de&nbsp;STADLER, S.A.&nbsp;quieren que las movilizaciones sean el primer paso en la concienciaci\u00f3n y denuncia social de las consecuencias que est\u00e1 teniendo la ineptitud de los actuales gestores de la empresa. Es inadmisible querer cargar las consecuencias de la p\u00e9sima gesti\u00f3n realizada por el equipo directivo, al conjunto de las y los trabajadores de la empresa.<\/p>\n","protected":false},"excerpt":{"rendered":"<p>La direcci\u00f3n ha presentado un ERE que conlleva el despido de 12 personas de un total de 65, as\u00ed como una reducci\u00f3n del 30% en los salarios.<\/p>\n","protected":false},"author":1189,"featured_media":36767,"comment_status":"closed","ping_status":"closed","sticky":false,"template":"","format":"standard","meta":{"_monsterinsights_skip_tracking":false,"_monsterinsights_sitenote_active":false,"_monsterinsights_sitenote_note":"","_monsterinsights_sitenote_category":0,"footnotes":"","_links_to":"","_links_to_target":""},"categories":[18,2868,108,3283],"tags":[3033,3178,2996,3064],"class_list":{"0":"post-36770","1":"post","2":"type-post","3":"status-publish","4":"format-standard","5":"has-post-thumbnail","7":"category-es-accion-sindical","8":"category-industria-es","9":"category-es-metal","10":"category-sin-categorizar","11":"tag-accion-sindical-es","12":"tag-destacado-1","13":"tag-industria-es","14":"tag-metal-es"},"_links":{"self":[{"href":"https:\/\/www.lab.eus\/es\/wp-json\/wp\/v2\/posts\/36770","targetHints":{"allow":["GET"]}}],"collection":[{"href":"https:\/\/www.lab.eus\/es\/wp-json\/wp\/v2\/posts"}],"about":[{"href":"https:\/\/www.lab.eus\/es\/wp-json\/wp\/v2\/types\/post"}],"author":[{"embeddable":true,"href":"https:\/\/www.lab.eus\/es\/wp-json\/wp\/v2\/users\/1189"}],"replies":[{"embeddable":true,"href":"https:\/\/www.lab.eus\/es\/wp-json\/wp\/v2\/comments?post=36770"}],"version-history":[{"count":0,"href":"https:\/\/www.lab.eus\/es\/wp-json\/wp\/v2\/posts\/36770\/revisions"}],"wp:featuredmedia":[{"embeddable":true,"href":"https:\/\/www.lab.eus\/es\/wp-json\/wp\/v2\/media\/36767"}],"wp:attachment":[{"href":"https:\/\/www.lab.eus\/es\/wp-json\/wp\/v2\/media?parent=36770"}],"wp:term":[{"taxonomy":"category","embeddable":true,"href":"https:\/\/www.lab.eus\/es\/wp-json\/wp\/v2\/categories?post=36770"},{"taxonomy":"post_tag","embeddable":true,"href":"https:\/\/www.lab.eus\/es\/wp-json\/wp\/v2\/tags?post=36770"}],"curies":[{"name":"wp","href":"https:\/\/api.w.org\/{rel}","templated":true}]}}